{"id":30064,"date":"2016-06-28T06:54:30","date_gmt":"2016-06-28T05:54:30","guid":{"rendered":"\/parlonsen\/?p=30064"},"modified":"2016-06-23T16:40:17","modified_gmt":"2016-06-23T15:40:17","slug":"les-enfants-et-la-musique-a-monclar-de-quercy-82-3","status":"publish","type":"post","link":"https:\/\/www.o-p-i.fr\/parlonsen\/parlons-en\/culture\/les-enfants-et-la-musique-a-monclar-de-quercy-82-3\/","title":{"rendered":"Les enfants et la musique &#8230; \u00e0 Monclar de Quercy (82)"},"content":{"rendered":"<p>Dans le cadre de l&rsquo;Estiu du R\u00e9veil Occitan et en ouverture du March\u00e9 Occitan de Juillet et Aout, rencontre-animation le <strong>Dimanche 3 Juillet 2016<\/strong>, de 10h \u00e0 12h, Place des Capitouls. <!--more--><\/p>\n<figure id=\"attachment_30066\" aria-describedby=\"caption-attachment-30066\" style=\"width: 211px\" class=\"wp-caption alignright\"><a href=\"https:\/\/i0.wp.com\/www.o-p-i.fr\/parlonsen\/wp-content\/uploads\/enfantsmusique_monclar2016.jpg?ssl=1\"><img data-recalc-dims=\"1\" loading=\"lazy\" decoding=\"async\" class=\"size-medium wp-image-30066\" src=\"https:\/\/i0.wp.com\/www.o-p-i.fr\/parlonsen\/wp-content\/uploads\/enfantsmusique_monclar2016.jpg?resize=211%2C300&#038;ssl=1\" alt=\"Les enfants et la musique ... \u00e0 Monclar de Quercy (82)\" width=\"211\" height=\"300\" srcset=\"https:\/\/i0.wp.com\/www.o-p-i.fr\/parlonsen\/wp-content\/uploads\/enfantsmusique_monclar2016.jpg?resize=211%2C300&amp;ssl=1 211w, https:\/\/i0.wp.com\/www.o-p-i.fr\/parlonsen\/wp-content\/uploads\/enfantsmusique_monclar2016.jpg?resize=106%2C150&amp;ssl=1 106w, https:\/\/i0.wp.com\/www.o-p-i.fr\/parlonsen\/wp-content\/uploads\/enfantsmusique_monclar2016.jpg?resize=400%2C569&amp;ssl=1 400w, https:\/\/i0.wp.com\/www.o-p-i.fr\/parlonsen\/wp-content\/uploads\/enfantsmusique_monclar2016.jpg?w=529&amp;ssl=1 529w\" sizes=\"auto, (max-width: 211px) 100vw, 211px\" \/><\/a><figcaption id=\"caption-attachment-30066\" class=\"wp-caption-text\">Les enfants et la musique &#8230; \u00e0 Monclar de Quercy (82)<\/figcaption><\/figure>\n<p>Pour cette 26\u00e8me \u00e9dition, participation de C\u00e9dric Beaudonnet.<\/p>\n<p>\u2022 R\u00e9serv\u00e9e aux moins de 18 ans<br \/>\n\u2022 Ouverte \u00e0 tout instrument<br \/>\n\u2022 D\u00e9butants bienvenus<br \/>\n\u2022 Inscription gratuite<\/p>\n<p><strong>Contacts :<br \/>\n<\/strong><\/p>\n<p class=\"entry-title\"><a href=\"https:\/\/www.o-p-i.fr\/aupays\/annuaire\/tourisme\/office-du-tourisme\/\" rel=\"bookmark\">Office du Tourisme du Quercy Vert<\/a><\/p>\n<div class=\"entry-thumbnails\"><a href=\"https:\/\/www.o-p-i.fr\/aupays\/annuaire\/tourisme\/office-du-tourisme\/\"><img decoding=\"async\" title=\"Office du Tourisme du Quercy Vert\" src=\"https:\/\/www.o-p-i.fr\/aupays\/wp-content\/themes\/arras-theme\/library\/timthumb.php?src=https:\/\/www.o-p-i.fr\/aupays\/wp-content\/uploads\/logo_otqv.jpg&amp;w=190&amp;h=100&amp;zc=1\" alt=\"Office du Tourisme du Quercy Vert\" \/><\/a><span class=\"entry-meta\"><abbr class=\"published\" title=\"2016-06-14T08:00:26+00:00\">&#8230;<\/abbr><\/span><\/div>\n<p>Robert LINAS<br \/>\nT\u00e9l. : 06.71.00.29.25 ou 05.63.30.31.72<br \/>\nCourriel : <a href=\"mailto:journalrobert@wanadoo.fr\">journalrobert@wanadoo.fr<\/a><\/p>\n<p><em>Communiqu\u00e9 par Robert LINAS<\/em><\/p>\n","protected":false},"excerpt":{"rendered":"<div class=\"mh-excerpt\">Dans le cadre de l&rsquo;Estiu du R\u00e9veil Occitan et en ouverture du March\u00e9 Occitan de Juillet et Aout, rencontre-animation le Dimanche 3 Juillet 2016, de 10h \u00e0 12h, Place des Capitouls.<\/div>\n","protected":false},"author":2,"featured_media":0,"comment_status":"open","ping_status":"open","sticky":false,"template":"","format":"standard","meta":{"om_disable_all_campaigns":false,"advanced_seo_description":"","jetpack_seo_html_title":"","jetpack_seo_noindex":false,"_jetpack_memberships_contains_paid_content":false,"footnotes":"","_links_to":"","_links_to_target":""},"categories":[1,603,16,54,2477],"tags":[138,143,145,163,323,330],"class_list":{"0":"post-30064","1":"post","2":"type-post","3":"status-publish","4":"format-standard","6":"category-culture","7":"category-vive-lete","8":"category-monclar","9":"category-loisirs","10":"category-n-124-juillet-2016","11":"tag-marche","12":"tag-monclar-de-quercy","13":"tag-animation","14":"tag-musique","15":"tag-enfant","16":"tag-rencontre"},"jetpack_featured_media_url":"","views":{"total":0,"cached_at":"","cached_date":1738517844},"jetpack_likes_enabled":true,"jetpack_sharing_enabled":true,"jetpack_shortlink":"https:\/\/wp.me\/pg7Wxj-7OU","jetpack-related-posts":[],"_links":{"self":[{"href":"https:\/\/www.o-p-i.fr\/parlonsen\/wp-json\/wp\/v2\/posts\/30064","targetHints":{"allow":["GET"]}}],"collection":[{"href":"https:\/\/www.o-p-i.fr\/parlonsen\/wp-json\/wp\/v2\/posts"}],"about":[{"href":"https:\/\/www.o-p-i.fr\/parlonsen\/wp-json\/wp\/v2\/types\/post"}],"author":[{"embeddable":true,"href":"https:\/\/www.o-p-i.fr\/parlonsen\/wp-json\/wp\/v2\/users\/2"}],"replies":[{"embeddable":true,"href":"https:\/\/www.o-p-i.fr\/parlonsen\/wp-json\/wp\/v2\/comments?post=30064"}],"version-history":[{"count":0,"href":"https:\/\/www.o-p-i.fr\/parlonsen\/wp-json\/wp\/v2\/posts\/30064\/revisions"}],"wp:attachment":[{"href":"https:\/\/www.o-p-i.fr\/parlonsen\/wp-json\/wp\/v2\/media?parent=30064"}],"wp:term":[{"taxonomy":"category","embeddable":true,"href":"https:\/\/www.o-p-i.fr\/parlonsen\/wp-json\/wp\/v2\/categories?post=30064"},{"taxonomy":"post_tag","embeddable":true,"href":"https:\/\/www.o-p-i.fr\/parlonsen\/wp-json\/wp\/v2\/tags?post=30064"}],"curies":[{"name":"wp","href":"https:\/\/api.w.org\/{rel}","templated":true}]}}