{"id":3012,"date":"2010-03-23T14:13:19","date_gmt":"2010-03-23T12:13:19","guid":{"rendered":"\/parlonsen\/?p=3012"},"modified":"2010-03-23T14:16:25","modified_gmt":"2010-03-23T12:16:25","slug":"collecte-de-livres-pour-la-grece","status":"publish","type":"post","link":"https:\/\/www.o-p-i.fr\/parlonsen\/localisation\/au-dela-du-pays\/collecte-de-livres-pour-la-grece\/","title":{"rendered":"Collecte de livres pour la Gr\u00e8ce"},"content":{"rendered":"<p style=\"text-align: justify;\">L&rsquo;Association <span style=\"color: #003366;\"><strong>Arts Culture et Traditions du Pays Salvagnacois<\/strong><\/span> organise une <span style=\"color: #003366;\"><strong>collecte de livres de culture g\u00e9n\u00e9rale fran\u00e7ais du 1er Mars au 30 Avril 2010<\/strong><\/span> pour les amis de RAPSANI (Gr\u00e8ce)<!--more--><\/p>\n<p style=\"text-align: justify;\"><span style=\"color: #003366;\"><strong><\/strong><\/span><\/p>\n<figure id=\"attachment_3013\" aria-describedby=\"caption-attachment-3013\" style=\"width: 200px\" class=\"wp-caption alignleft\"><strong><strong><img data-recalc-dims=\"1\" loading=\"lazy\" decoding=\"async\" class=\"size-full wp-image-3013\" title=\"Collecte du 1er Mars au 30 Avril 2010\" src=\"https:\/\/i0.wp.com\/www.o-p-i.fr\/parlonsen\/wp-content\/uploads\/livre.jpg?resize=200%2C200&#038;ssl=1\" alt=\"Collecte du 1er Mars au 30 Avril 2010\" width=\"200\" height=\"200\" srcset=\"https:\/\/i0.wp.com\/www.o-p-i.fr\/parlonsen\/wp-content\/uploads\/livre.jpg?w=200&amp;ssl=1 200w, https:\/\/i0.wp.com\/www.o-p-i.fr\/parlonsen\/wp-content\/uploads\/livre.jpg?resize=150%2C150&amp;ssl=1 150w\" sizes=\"auto, (max-width: 200px) 100vw, 200px\" \/><\/strong><\/strong><figcaption id=\"caption-attachment-3013\" class=\"wp-caption-text\">Collecte du 1er Mars au 30 Avril 2010<\/figcaption><\/figure>\n<p><span style=\"color: #000080;\"><strong><span style=\"color: #003366;\">Lieux de d\u00e9p\u00f4t<\/span> <\/strong><\/span>( cliquez sur le nom pour afficher l&rsquo;adresse)<\/p>\n<p style=\"text-align: justify;\"><a href=\"https:\/\/www.o-p-i.fr\/aupays\/nos-villages\/salvagnac\/pharmacie-a-salvagnac\/\">Pharmacie BONZOM<\/a><br \/>\n<a href=\"https:\/\/www.o-p-i.fr\/aupays\/nos-villages\/montdurausse\/office-du-tourisme-du-pays-salvagnacois\/\">Office du tourisme<\/a><br \/>\n<a href=\"https:\/\/www.o-p-i.fr\/aupays\/nos-villages\/salvagnac\/bibliotheque-municipale-a-salvagnac\/\">Biblioth\u00e8que de Salvagnac<\/a><br \/>\n<a title=\"Ouvre le site dans une nouvelle fen\u00eatre\" href=\"http:\/\/www.chateau-de-terride.com\/\" target=\"_blank\">Ch\u00e2teau de Terride<\/a><\/p>\n<p style=\"text-align: justify;\"><em>Communiqu\u00e9 de L&rsquo;Association Arts Culture et Traditions du Pays Salvagnacois<\/em><\/p>\n<p><a href=\"https:\/\/www.o-p-i.fr\/parlonsen\/agenda\/\"><strong>Retrouvez tous les \u00e9v\u00e8nements dans l&rsquo;agenda !<\/strong><\/a><\/p>\n","protected":false},"excerpt":{"rendered":"<div class=\"mh-excerpt\">L&rsquo;Association Arts Culture et Traditions du Pays Salvagnacois organise une collecte de livres de culture g\u00e9n\u00e9rale fran\u00e7ais du 1er Mars au 30 Avril 2010 pour les amis de RAPSANI (Gr\u00e8ce)<\/div>\n","protected":false},"author":2,"featured_media":0,"comment_status":"open","ping_status":"open","sticky":false,"template":"","format":"standard","meta":{"om_disable_all_campaigns":false,"advanced_seo_description":"","jetpack_seo_html_title":"","jetpack_seo_noindex":false,"_jetpack_memberships_contains_paid_content":false,"footnotes":"","_links_to":"","_links_to_target":""},"categories":[23,291,25,356],"tags":[2571,422,423,424],"class_list":{"0":"post-3012","1":"post","2":"type-post","3":"status-publish","4":"format-standard","6":"category-au-dela-du-pays","7":"category-solidarite","8":"category-salvagnac","9":"category-n-47-mars-2010","10":"tag-solidarite","11":"tag-collecte","12":"tag-grece","13":"tag-livre"},"jetpack_featured_media_url":"","views":{"total":0,"cached_at":"","cached_date":1738515460},"jetpack_likes_enabled":true,"jetpack_sharing_enabled":true,"jetpack_shortlink":"https:\/\/wp.me\/pg7Wxj-MA","jetpack-related-posts":[],"_links":{"self":[{"href":"https:\/\/www.o-p-i.fr\/parlonsen\/wp-json\/wp\/v2\/posts\/3012","targetHints":{"allow":["GET"]}}],"collection":[{"href":"https:\/\/www.o-p-i.fr\/parlonsen\/wp-json\/wp\/v2\/posts"}],"about":[{"href":"https:\/\/www.o-p-i.fr\/parlonsen\/wp-json\/wp\/v2\/types\/post"}],"author":[{"embeddable":true,"href":"https:\/\/www.o-p-i.fr\/parlonsen\/wp-json\/wp\/v2\/users\/2"}],"replies":[{"embeddable":true,"href":"https:\/\/www.o-p-i.fr\/parlonsen\/wp-json\/wp\/v2\/comments?post=3012"}],"version-history":[{"count":0,"href":"https:\/\/www.o-p-i.fr\/parlonsen\/wp-json\/wp\/v2\/posts\/3012\/revisions"}],"wp:attachment":[{"href":"https:\/\/www.o-p-i.fr\/parlonsen\/wp-json\/wp\/v2\/media?parent=3012"}],"wp:term":[{"taxonomy":"category","embeddable":true,"href":"https:\/\/www.o-p-i.fr\/parlonsen\/wp-json\/wp\/v2\/categories?post=3012"},{"taxonomy":"post_tag","embeddable":true,"href":"https:\/\/www.o-p-i.fr\/parlonsen\/wp-json\/wp\/v2\/tags?post=3012"}],"curies":[{"name":"wp","href":"https:\/\/api.w.org\/{rel}","templated":true}]}}