{"id":30157,"date":"2016-07-08T15:42:06","date_gmt":"2016-07-08T14:42:06","guid":{"rendered":"\/parlonsen\/?p=30157"},"modified":"2016-07-08T15:42:06","modified_gmt":"2016-07-08T14:42:06","slug":"marche-nocturne-et-gourmand-a-monclar-de-quercy-82-3","status":"publish","type":"post","link":"https:\/\/www.o-p-i.fr\/parlonsen\/parlons-en\/commerce\/marche-nocturne-et-gourmand-a-monclar-de-quercy-82-3\/","title":{"rendered":"March\u00e9 Nocturne et Gourmand &#8230; \u00e0 Monclar de Quercy (82)"},"content":{"rendered":"<p>Le 1er march\u00e9 nocturne et gourmand de l&rsquo;\u00e9t\u00e9 aura lieu le <strong>Jeudi\u00a0 21 Juillet 2016<\/strong>, Place de la Gendarmerie.<!--more--><\/p>\n<figure id=\"attachment_30159\" aria-describedby=\"caption-attachment-30159\" style=\"width: 640px\" class=\"wp-caption aligncenter\"><a href=\"https:\/\/i0.wp.com\/www.o-p-i.fr\/parlonsen\/wp-content\/uploads\/marchenocturnemonclar2016.jpg?ssl=1\"><img data-recalc-dims=\"1\" loading=\"lazy\" decoding=\"async\" class=\"size-large wp-image-30159\" src=\"https:\/\/i0.wp.com\/www.o-p-i.fr\/parlonsen\/wp-content\/uploads\/marchenocturnemonclar2016.jpg?resize=640%2C888&#038;ssl=1\" alt=\"March\u00e9 Nocturne et Gourmand ... \u00e0 Monclar de Quercy (82)\" width=\"640\" height=\"888\" srcset=\"https:\/\/i0.wp.com\/www.o-p-i.fr\/parlonsen\/wp-content\/uploads\/marchenocturnemonclar2016.jpg?resize=738%2C1024&amp;ssl=1 738w, https:\/\/i0.wp.com\/www.o-p-i.fr\/parlonsen\/wp-content\/uploads\/marchenocturnemonclar2016.jpg?resize=216%2C300&amp;ssl=1 216w, https:\/\/i0.wp.com\/www.o-p-i.fr\/parlonsen\/wp-content\/uploads\/marchenocturnemonclar2016.jpg?resize=768%2C1066&amp;ssl=1 768w, https:\/\/i0.wp.com\/www.o-p-i.fr\/parlonsen\/wp-content\/uploads\/marchenocturnemonclar2016.jpg?resize=108%2C150&amp;ssl=1 108w, https:\/\/i0.wp.com\/www.o-p-i.fr\/parlonsen\/wp-content\/uploads\/marchenocturnemonclar2016.jpg?resize=400%2C555&amp;ssl=1 400w, https:\/\/i0.wp.com\/www.o-p-i.fr\/parlonsen\/wp-content\/uploads\/marchenocturnemonclar2016.jpg?w=800&amp;ssl=1 800w\" sizes=\"auto, (max-width: 640px) 100vw, 640px\" \/><\/a><figcaption id=\"caption-attachment-30159\" class=\"wp-caption-text\">March\u00e9 Nocturne et Gourmand &#8230; \u00e0 Monclar de Quercy (82)<\/figcaption><\/figure>\n<p><strong>Contact :<\/strong> <a href=\"https:\/\/www.o-p-i.fr\/aupays\/annuaire\/tourisme\/office-du-tourisme\/\" rel=\"bookmark\">Office du Tourisme du Quercy Vert<\/a><\/p>\n<div class=\"entry-thumbnails\"><a href=\"https:\/\/www.o-p-i.fr\/aupays\/annuaire\/tourisme\/office-du-tourisme\/\"><img decoding=\"async\" title=\"Office du Tourisme du Quercy Vert\" src=\"https:\/\/www.o-p-i.fr\/aupays\/wp-content\/themes\/arras-theme\/library\/timthumb.php?src=https:\/\/www.o-p-i.fr\/aupays\/wp-content\/uploads\/logo_otqv.jpg&amp;w=190&amp;h=100&amp;zc=1\" alt=\"Office du Tourisme du Quercy Vert\" \/><\/a><span class=\"entry-meta\"><abbr class=\"published\" title=\"2016-06-14T08:00:26+00:00\">&#8230;<\/abbr><\/span><\/div>\n<div class=\"entry-thumbnails\"><em>Communiqu\u00e9 par Cathy LESSOULT<\/em><\/div>\n<h3 class=\"entry-title\"><\/h3>\n","protected":false},"excerpt":{"rendered":"<div class=\"mh-excerpt\">Le 1er march\u00e9 nocturne et gourmand de l&rsquo;\u00e9t\u00e9 aura lieu le Jeudi\u00a0 21 Juillet 2016, Place de la Gendarmerie.<\/div>\n","protected":false},"author":2,"featured_media":0,"comment_status":"open","ping_status":"open","sticky":false,"template":"","format":"standard","meta":{"om_disable_all_campaigns":false,"advanced_seo_description":"","jetpack_seo_html_title":"","jetpack_seo_noindex":false,"_jetpack_memberships_contains_paid_content":false,"footnotes":"","_links_to":"","_links_to_target":""},"categories":[51,4,603,16,54,2477],"tags":[138,143,303,323],"class_list":{"0":"post-30157","1":"post","2":"type-post","3":"status-publish","4":"format-standard","6":"category-artisanat","7":"category-commerce","8":"category-vive-lete","9":"category-monclar","10":"category-loisirs","11":"category-n-124-juillet-2016","12":"tag-marche","13":"tag-monclar-de-quercy","14":"tag-marche-gourmand","15":"tag-enfant"},"jetpack_featured_media_url":"","views":{"total":0,"cached_at":"","cached_date":1738430602},"jetpack_likes_enabled":true,"jetpack_sharing_enabled":true,"jetpack_shortlink":"https:\/\/wp.me\/pg7Wxj-7Qp","jetpack-related-posts":[],"_links":{"self":[{"href":"https:\/\/www.o-p-i.fr\/parlonsen\/wp-json\/wp\/v2\/posts\/30157","targetHints":{"allow":["GET"]}}],"collection":[{"href":"https:\/\/www.o-p-i.fr\/parlonsen\/wp-json\/wp\/v2\/posts"}],"about":[{"href":"https:\/\/www.o-p-i.fr\/parlonsen\/wp-json\/wp\/v2\/types\/post"}],"author":[{"embeddable":true,"href":"https:\/\/www.o-p-i.fr\/parlonsen\/wp-json\/wp\/v2\/users\/2"}],"replies":[{"embeddable":true,"href":"https:\/\/www.o-p-i.fr\/parlonsen\/wp-json\/wp\/v2\/comments?post=30157"}],"version-history":[{"count":0,"href":"https:\/\/www.o-p-i.fr\/parlonsen\/wp-json\/wp\/v2\/posts\/30157\/revisions"}],"wp:attachment":[{"href":"https:\/\/www.o-p-i.fr\/parlonsen\/wp-json\/wp\/v2\/media?parent=30157"}],"wp:term":[{"taxonomy":"category","embeddable":true,"href":"https:\/\/www.o-p-i.fr\/parlonsen\/wp-json\/wp\/v2\/categories?post=30157"},{"taxonomy":"post_tag","embeddable":true,"href":"https:\/\/www.o-p-i.fr\/parlonsen\/wp-json\/wp\/v2\/tags?post=30157"}],"curies":[{"name":"wp","href":"https:\/\/api.w.org\/{rel}","templated":true}]}}