{"id":30197,"date":"2016-07-07T10:13:02","date_gmt":"2016-07-07T09:13:02","guid":{"rendered":"\/parlonsen\/?p=30197"},"modified":"2016-09-19T13:48:00","modified_gmt":"2016-09-19T12:48:00","slug":"assemblee-generale-dopi-des-tescous-a-monclar-de-quercy-82","status":"publish","type":"post","link":"https:\/\/www.o-p-i.fr\/parlonsen\/parlons-en\/pratique\/assemblee-generale-dopi-des-tescous-a-monclar-de-quercy-82\/","title":{"rendered":"Assembl\u00e9e G\u00e9n\u00e9rale  d&rsquo;OPI des Tescou&rsquo;s \u2026 \u00e0 Monclar de Quercy (82)"},"content":{"rendered":"<p>Rendez vous dans 2 mois, le <strong>Samedi 17 Septembre 2016<\/strong> \u00e0 18h30,\u00a0 Salle de Vote de la Mairie. <!--more--><\/p>\n<p>Depuis bient\u00f4t 9 ans, l&rsquo;association O.P.I. des Tescou&rsquo;s \u00ab\u00a0Optimiser, Promouvoir, Initier au pays des Tescou&rsquo;s\u00a0\u00bb met \u00e0 la disposition de tous un outil de communication gr\u00e2ce au site Internet <a href=\"https:\/\/www.o-p-i.fr\">www.o-p-i.fr<\/a> avec ses diverses rubriques. L&rsquo;heure du bilan a sonn\u00e9 !<\/p>\n<figure id=\"attachment_30198\" aria-describedby=\"caption-attachment-30198\" style=\"width: 900px\" class=\"wp-caption aligncenter\"><a href=\"https:\/\/i0.wp.com\/www.o-p-i.fr\/parlonsen\/wp-content\/uploads\/OPIdesTESCOUS.jpg?ssl=1\"><img data-recalc-dims=\"1\" loading=\"lazy\" decoding=\"async\" class=\"size-full wp-image-30198\" src=\"https:\/\/i0.wp.com\/www.o-p-i.fr\/parlonsen\/wp-content\/uploads\/OPIdesTESCOUS.jpg?resize=900%2C347&#038;ssl=1\" alt=\"OPI des TESCOU'S - Association Loi 1901 \" width=\"900\" height=\"347\" srcset=\"https:\/\/i0.wp.com\/www.o-p-i.fr\/parlonsen\/wp-content\/uploads\/OPIdesTESCOUS.jpg?w=900&amp;ssl=1 900w, https:\/\/i0.wp.com\/www.o-p-i.fr\/parlonsen\/wp-content\/uploads\/OPIdesTESCOUS.jpg?resize=300%2C116&amp;ssl=1 300w, https:\/\/i0.wp.com\/www.o-p-i.fr\/parlonsen\/wp-content\/uploads\/OPIdesTESCOUS.jpg?resize=768%2C296&amp;ssl=1 768w, https:\/\/i0.wp.com\/www.o-p-i.fr\/parlonsen\/wp-content\/uploads\/OPIdesTESCOUS.jpg?resize=150%2C58&amp;ssl=1 150w, https:\/\/i0.wp.com\/www.o-p-i.fr\/parlonsen\/wp-content\/uploads\/OPIdesTESCOUS.jpg?resize=400%2C154&amp;ssl=1 400w\" sizes=\"auto, (max-width: 900px) 100vw, 900px\" \/><\/a><figcaption id=\"caption-attachment-30198\" class=\"wp-caption-text\">OPI des TESCOU&rsquo;S &#8211; Association Loi 1901<\/figcaption><\/figure>\n<p>Ordre du Jour :<\/p>\n<p style=\"padding-left: 30px;\">\u2022 Rapport moral<br \/>\n\u2022 Rapport financier<br \/>\n\u2022 Perspectives<br \/>\n\u2022 Renouvellement du Bureau<br \/>\n\u2022 Questions diverses<\/p>\n<p>Nous rappelons \u00e0 tous les adh\u00e9rents la n\u00e9cessit\u00e9 de leur pr\u00e9sence et\u00a0 invitons toute personne int\u00e9ress\u00e9e par notre d\u00e9marche \u00e0 venir nous rejoindre le <strong>Samedi 17 Septembre 2016<\/strong> \u00e0 18h30, Salle de Vote, Mairie de Monclar de Quercy.<\/p>\n<p style=\"text-align: center;\">[<a href=\"https:\/\/www.o-p-i.fr\/aupays\/opi\/jadhere-a-lassociation-opi-des-tescous\/\">Adh\u00e9rer maintenant \/ Renouveler mon adh\u00e9sion<\/a>] &#8211; [<a href=\"https:\/\/www.o-p-i.fr\/aupays\/opi\/je-bouge-avec-opi\/\">Poser ma candidature comme administrateur<\/a>]<\/p>\n<h4 style=\"text-align: center;\"><a href=\"http:\/\/doodle.com\/poll\/faq8vzar6qta9g8f\">Pour une meilleure organisation, merci de nous indiquer\u00a0 votre pr\u00e9sence <span style=\"text-decoration: underline;\">avant le 15 septembre<\/span>.<\/a><\/h4>\n<p><strong>Contact : <\/strong>Association OPI des Tescou&rsquo;s<br \/>\nT\u00e9l. : 06 9911 4321<br \/>\nCourriel : <a href=\"mailto:contact@o-p-i.fr\">contact@o-p-i.fr<\/a><\/p>\n<p>&nbsp;<\/p>\n<p>&nbsp;<\/p>\n","protected":false},"excerpt":{"rendered":"<div class=\"mh-excerpt\">Pour une meilleure organisation, merci de nous indiquer  votre pr\u00e9sence avant le 15 septembre.<\/div>\n<p> <a class=\"mh-excerpt-more\" href=\"https:\/\/www.o-p-i.fr\/parlonsen\/parlons-en\/pratique\/assemblee-generale-dopi-des-tescous-a-monclar-de-quercy-82\/\" title=\"Assembl\u00e9e G\u00e9n\u00e9rale  d&rsquo;OPI des Tescou&rsquo;s \u2026 \u00e0 Monclar de Quercy (82)\">[&#8230;]<\/a><\/p>\n","protected":false},"author":3,"featured_media":0,"comment_status":"open","ping_status":"open","sticky":false,"template":"","format":"standard","meta":{"om_disable_all_campaigns":false,"advanced_seo_description":"","jetpack_seo_html_title":"","jetpack_seo_noindex":false,"_jetpack_memberships_contains_paid_content":false,"footnotes":"","_links_to":"","_links_to_target":""},"categories":[828,16,648,6,2516],"tags":[120,143,330,502],"class_list":{"0":"post-30197","1":"post","2":"type-post","3":"status-publish","4":"format-standard","6":"category-au-pays-des-tescous","7":"category-monclar","8":"category-cest-la-rentree","9":"category-pratique","10":"category-n-126-septembre-2016","11":"tag-opi","12":"tag-monclar-de-quercy","13":"tag-rencontre","14":"tag-ag"},"jetpack_featured_media_url":"","views":{"total":0,"cached_at":"","cached_date":1738430780},"jetpack_likes_enabled":true,"jetpack_sharing_enabled":true,"jetpack_shortlink":"https:\/\/wp.me\/pg7Wxj-7R3","jetpack-related-posts":[],"_links":{"self":[{"href":"https:\/\/www.o-p-i.fr\/parlonsen\/wp-json\/wp\/v2\/posts\/30197","targetHints":{"allow":["GET"]}}],"collection":[{"href":"https:\/\/www.o-p-i.fr\/parlonsen\/wp-json\/wp\/v2\/posts"}],"about":[{"href":"https:\/\/www.o-p-i.fr\/parlonsen\/wp-json\/wp\/v2\/types\/post"}],"author":[{"embeddable":true,"href":"https:\/\/www.o-p-i.fr\/parlonsen\/wp-json\/wp\/v2\/users\/3"}],"replies":[{"embeddable":true,"href":"https:\/\/www.o-p-i.fr\/parlonsen\/wp-json\/wp\/v2\/comments?post=30197"}],"version-history":[{"count":0,"href":"https:\/\/www.o-p-i.fr\/parlonsen\/wp-json\/wp\/v2\/posts\/30197\/revisions"}],"wp:attachment":[{"href":"https:\/\/www.o-p-i.fr\/parlonsen\/wp-json\/wp\/v2\/media?parent=30197"}],"wp:term":[{"taxonomy":"category","embeddable":true,"href":"https:\/\/www.o-p-i.fr\/parlonsen\/wp-json\/wp\/v2\/categories?post=30197"},{"taxonomy":"post_tag","embeddable":true,"href":"https:\/\/www.o-p-i.fr\/parlonsen\/wp-json\/wp\/v2\/tags?post=30197"}],"curies":[{"name":"wp","href":"https:\/\/api.w.org\/{rel}","templated":true}]}}