{"id":30201,"date":"2016-07-21T06:24:34","date_gmt":"2016-07-21T05:24:34","guid":{"rendered":"\/parlonsen\/?p=30201"},"modified":"2016-07-20T16:53:10","modified_gmt":"2016-07-20T15:53:10","slug":"4eme-rendez-vous-campagnards-a-montgaillard-81","status":"publish","type":"post","link":"https:\/\/www.o-p-i.fr\/parlonsen\/parlons-en\/culture\/4eme-rendez-vous-campagnards-a-montgaillard-81\/","title":{"rendered":"4\u00e8me Rendez-Vous Campagnards  &#8230; \u00e0 Montgaillard (81)"},"content":{"rendered":"<p>Un nouveau rendez-vous dans nos campagnes\u00a0 : le <strong>Mercredi 10 Ao\u00fbt 2016, <\/strong>Nuit des \u00e9toiles po\u00e9tiques<strong>\u00a0<\/strong>! <!--more--><\/p>\n<figure id=\"attachment_30245\" aria-describedby=\"caption-attachment-30245\" style=\"width: 225px\" class=\"wp-caption alignright\"><a href=\"https:\/\/i0.wp.com\/www.o-p-i.fr\/parlonsen\/wp-content\/uploads\/affiche-nuit-des-etoiles-montgaillard.jpg?ssl=1\"><img data-recalc-dims=\"1\" loading=\"lazy\" decoding=\"async\" class=\"size-medium wp-image-30245\" src=\"https:\/\/i0.wp.com\/www.o-p-i.fr\/parlonsen\/wp-content\/uploads\/affiche-nuit-des-etoiles-montgaillard.jpg?resize=225%2C300&#038;ssl=1\" alt=\"4\u00e8me Rendez-Vous Campagnards ... \u00e0 Montgaillard (81)\" width=\"225\" height=\"300\" srcset=\"https:\/\/i0.wp.com\/www.o-p-i.fr\/parlonsen\/wp-content\/uploads\/affiche-nuit-des-etoiles-montgaillard.jpg?resize=225%2C300&amp;ssl=1 225w, https:\/\/i0.wp.com\/www.o-p-i.fr\/parlonsen\/wp-content\/uploads\/affiche-nuit-des-etoiles-montgaillard.jpg?resize=113%2C150&amp;ssl=1 113w, https:\/\/i0.wp.com\/www.o-p-i.fr\/parlonsen\/wp-content\/uploads\/affiche-nuit-des-etoiles-montgaillard.jpg?resize=400%2C533&amp;ssl=1 400w, https:\/\/i0.wp.com\/www.o-p-i.fr\/parlonsen\/wp-content\/uploads\/affiche-nuit-des-etoiles-montgaillard.jpg?w=720&amp;ssl=1 720w\" sizes=\"auto, (max-width: 225px) 100vw, 225px\" \/><\/a><figcaption id=\"caption-attachment-30245\" class=\"wp-caption-text\">4\u00e8me Rendez-Vous Campagnards &#8230; \u00e0 Montgaillard (81)<\/figcaption><\/figure>\n<p>Pour cette proposition estivale, on vous propose de venir observer les \u00e9toiles et les \u00e9toiles filantes d\u00e8s la nuit tomb\u00e9e !<br \/>\nA partir de 20h, c&rsquo;est auberge espagnole et bonne humeur !<\/p>\n<p>Rendez-vous Impasse du Pendut, \u00e0 200 m de la table d\u2019orientation.<br \/>\nAmenez une couverture et des v\u00eatements chauds, des po\u00e9sies \u00e0 d\u00e9clamer, un t\u00e9lescope, votre bonne humeur\u2026<br \/>\nD\u00e8s la tomb\u00e9e de la nuit : observation du ciel\u00a0 et des \u00e9toiles filantes en po\u00e9sie.<\/p>\n<p>Annulation en cas de m\u00e9t\u00e9o d\u00e9favorable.<\/p>\n<p><strong>Tarifs :<\/strong><br \/>\nGratuit<\/p>\n<p><strong>Contact :<\/strong> Estelle<br \/>\nT\u00e9l. : 05 81 40 75 45<br \/>\nCourriel : <a href=\"mailto:estelle.kydjian@sfr.fr\">estelle.kydjian@sfr.fr<\/a><\/p>\n<p><em>Communiqu\u00e9 par Estelle KYDJIAN<\/em><\/p>\n<p>&nbsp;<\/p>\n<p>&nbsp;<\/p>\n<p>&nbsp;<\/p>\n","protected":false},"excerpt":{"rendered":"<div class=\"mh-excerpt\">Un nouveau rendez-vous dans nos campagnes\u00a0 : le Mercredi 10 Ao\u00fbt 2016, Nuit des \u00e9toiles po\u00e9tiques\u00a0!<\/div>\n","protected":false},"author":2,"featured_media":0,"comment_status":"open","ping_status":"open","sticky":false,"template":"","format":"standard","meta":{"om_disable_all_campaigns":false,"advanced_seo_description":"","jetpack_seo_html_title":"","jetpack_seo_noindex":false,"_jetpack_memberships_contains_paid_content":false,"footnotes":"","_links_to":"","_links_to_target":""},"categories":[1,603,54,31,2515],"tags":[2554,330,869,2038,2155],"class_list":{"0":"post-30201","1":"post","2":"type-post","3":"status-publish","4":"format-standard","6":"category-culture","7":"category-vive-lete","8":"category-loisirs","9":"category-montgaillard","10":"category-n-125-aout-2016","11":"tag-montgaillard","12":"tag-rencontre","13":"tag-poesie","14":"tag-auberge-espagnole","15":"tag-etoile"},"jetpack_featured_media_url":"","views":{"total":0,"cached_at":"","cached_date":1738518064},"jetpack_likes_enabled":true,"jetpack_sharing_enabled":true,"jetpack_shortlink":"https:\/\/wp.me\/pg7Wxj-7R7","jetpack-related-posts":[],"_links":{"self":[{"href":"https:\/\/www.o-p-i.fr\/parlonsen\/wp-json\/wp\/v2\/posts\/30201","targetHints":{"allow":["GET"]}}],"collection":[{"href":"https:\/\/www.o-p-i.fr\/parlonsen\/wp-json\/wp\/v2\/posts"}],"about":[{"href":"https:\/\/www.o-p-i.fr\/parlonsen\/wp-json\/wp\/v2\/types\/post"}],"author":[{"embeddable":true,"href":"https:\/\/www.o-p-i.fr\/parlonsen\/wp-json\/wp\/v2\/users\/2"}],"replies":[{"embeddable":true,"href":"https:\/\/www.o-p-i.fr\/parlonsen\/wp-json\/wp\/v2\/comments?post=30201"}],"version-history":[{"count":0,"href":"https:\/\/www.o-p-i.fr\/parlonsen\/wp-json\/wp\/v2\/posts\/30201\/revisions"}],"wp:attachment":[{"href":"https:\/\/www.o-p-i.fr\/parlonsen\/wp-json\/wp\/v2\/media?parent=30201"}],"wp:term":[{"taxonomy":"category","embeddable":true,"href":"https:\/\/www.o-p-i.fr\/parlonsen\/wp-json\/wp\/v2\/categories?post=30201"},{"taxonomy":"post_tag","embeddable":true,"href":"https:\/\/www.o-p-i.fr\/parlonsen\/wp-json\/wp\/v2\/tags?post=30201"}],"curies":[{"name":"wp","href":"https:\/\/api.w.org\/{rel}","templated":true}]}}