{"id":30238,"date":"2016-07-21T07:38:35","date_gmt":"2016-07-21T06:38:35","guid":{"rendered":"\/parlonsen\/?p=30238"},"modified":"2016-07-20T16:11:17","modified_gmt":"2016-07-20T15:11:17","slug":"loto-de-plein-air-a-salvagnac-81","status":"publish","type":"post","link":"https:\/\/www.o-p-i.fr\/parlonsen\/localisation\/au-pays-des-tescous\/salvagnac\/loto-de-plein-air-a-salvagnac-81\/","title":{"rendered":"Loto de Plein Air &#8230; \u00e0 Salvagnac (81)"},"content":{"rendered":"<p>Rendez-vous <strong>Lundi 1er Ao\u00fbt 2016<\/strong>, \u00e0 21h sur les All\u00e9es Jean Jaur\u00e8s. <!--more--><\/p>\n<p style=\"text-align: justify;\">Organis\u00e9 au profit des \u0153uvres du Centre Communal d&rsquo;Action Sociale de Salvagnac, avec le soutien de l&rsquo;Amicale du 3\u00e8me Age et des associations salvagnacoises, de nombreux lots d&rsquo;\u00e9t\u00e9 sont propos\u00e9s : barbecue, parasols, transats, grillades et autres lots divers.<\/p>\n<p>En cas de mauvais temps, replis \u00e0 la salle Omnisports.<\/p>\n<p><strong> Contact :\u00a0 <\/strong><a href=\"https:\/\/www.o-p-i.fr\/aupays\/vie-des-communes\/vie-a-salvagnac\/mairie-a-salvagnac\/\" rel=\"bookmark\">Mairie \u2026 \u00e0 Salvagnac<\/a><\/p>\n<div class=\"entry-thumbnails\"><a href=\"https:\/\/www.o-p-i.fr\/aupays\/vie-des-communes\/vie-a-salvagnac\/mairie-a-salvagnac\/\"><img decoding=\"async\" title=\"Mairie \u2026 \u00e0  Salvagnac\" src=\"https:\/\/www.o-p-i.fr\/aupays\/wp-content\/themes\/arras-theme\/library\/timthumb.php?src=https:\/\/www.o-p-i.fr\/aupays\/wp-content\/uploads\/blason_salvagnac.png&amp;w=190&amp;h=100&amp;zc=1\" alt=\"Mairie \u2026 \u00e0  Salvagnac\" \/><\/a><span class=\"entry-meta\"><abbr class=\"published\" title=\"2013-10-04T17:04:43+00:00\">&#8230;<\/abbr><\/span><\/div>\n<p><em>Information communiqu\u00e9e par Bernard VILLARET, charg\u00e9 officiel de la promotion de cette manifestation<\/em><\/p>\n","protected":false},"excerpt":{"rendered":"<div class=\"mh-excerpt\">Rendez-vous Lundi 1er Ao\u00fbt 2016, \u00e0 21h sur les All\u00e9es Jean Jaur\u00e8s.<\/div>\n","protected":false},"author":2,"featured_media":0,"comment_status":"open","ping_status":"open","sticky":false,"template":"","format":"standard","meta":{"om_disable_all_campaigns":false,"advanced_seo_description":"","jetpack_seo_html_title":"","jetpack_seo_noindex":false,"_jetpack_memberships_contains_paid_content":false,"footnotes":"","_links_to":"","_links_to_target":""},"categories":[290,603,54,291,25,2515],"tags":[2548,82,193,634,735,1463],"class_list":{"0":"post-30238","1":"post","2":"type-post","3":"status-publish","4":"format-standard","6":"category-entraide","7":"category-vive-lete","8":"category-loisirs","9":"category-solidarite","10":"category-salvagnac","11":"category-n-125-aout-2016","12":"tag-salvagnac","13":"tag-aines","14":"tag-loto","15":"tag-ccas","16":"tag-soutien","17":"tag-plein-air"},"jetpack_featured_media_url":"","views":{"total":0,"cached_at":"","cached_date":1738526321},"jetpack_likes_enabled":true,"jetpack_sharing_enabled":true,"jetpack_shortlink":"https:\/\/wp.me\/pg7Wxj-7RI","jetpack-related-posts":[],"_links":{"self":[{"href":"https:\/\/www.o-p-i.fr\/parlonsen\/wp-json\/wp\/v2\/posts\/30238","targetHints":{"allow":["GET"]}}],"collection":[{"href":"https:\/\/www.o-p-i.fr\/parlonsen\/wp-json\/wp\/v2\/posts"}],"about":[{"href":"https:\/\/www.o-p-i.fr\/parlonsen\/wp-json\/wp\/v2\/types\/post"}],"author":[{"embeddable":true,"href":"https:\/\/www.o-p-i.fr\/parlonsen\/wp-json\/wp\/v2\/users\/2"}],"replies":[{"embeddable":true,"href":"https:\/\/www.o-p-i.fr\/parlonsen\/wp-json\/wp\/v2\/comments?post=30238"}],"version-history":[{"count":0,"href":"https:\/\/www.o-p-i.fr\/parlonsen\/wp-json\/wp\/v2\/posts\/30238\/revisions"}],"wp:attachment":[{"href":"https:\/\/www.o-p-i.fr\/parlonsen\/wp-json\/wp\/v2\/media?parent=30238"}],"wp:term":[{"taxonomy":"category","embeddable":true,"href":"https:\/\/www.o-p-i.fr\/parlonsen\/wp-json\/wp\/v2\/categories?post=30238"},{"taxonomy":"post_tag","embeddable":true,"href":"https:\/\/www.o-p-i.fr\/parlonsen\/wp-json\/wp\/v2\/tags?post=30238"}],"curies":[{"name":"wp","href":"https:\/\/api.w.org\/{rel}","templated":true}]}}