{"id":30279,"date":"2016-07-26T16:37:42","date_gmt":"2016-07-26T15:37:42","guid":{"rendered":"\/parlonsen\/?p=30279"},"modified":"2016-07-26T16:37:42","modified_gmt":"2016-07-26T15:37:42","slug":"fete-des-battages-a-peyrole-81","status":"publish","type":"post","link":"https:\/\/www.o-p-i.fr\/parlonsen\/parlons-en\/culture\/fete-des-battages-a-peyrole-81\/","title":{"rendered":"F\u00eate des Battages &#8230; \u00e0 Peyrole (81)"},"content":{"rendered":"<p>Comme chaque ann\u00e9e, la f\u00eate du village est de retour <strong>du 29 au 31 Juillet 2016<\/strong> !<!--more--><\/p>\n<p>&nbsp;<\/p>\n<p>Au programme :<\/p>\n<ul>\n<li><strong>Vendredi 29 Juillet<\/strong><\/li>\n<\/ul>\n<p>Randonn\u00e9e p\u00e9destre, suivi d&rsquo;un concert live pop rock \u00ab\u00a0Brockers\u00a0\u00bbet du DJ \u00ab\u00a0Nuit Blanche\u00a0\u00bb pour cl\u00f4turer la soir\u00e9e.<br \/>\nRestauration rapide sur place.<\/p>\n<ul>\n<li><strong>Samedi 30 Juillet<\/strong><\/li>\n<\/ul>\n<figure id=\"attachment_30280\" aria-describedby=\"caption-attachment-30280\" style=\"width: 300px\" class=\"wp-caption alignright\"><a href=\"https:\/\/i0.wp.com\/www.o-p-i.fr\/parlonsen\/wp-content\/uploads\/peyroleenfete.jpg?ssl=1\"><img data-recalc-dims=\"1\" loading=\"lazy\" decoding=\"async\" class=\"size-medium wp-image-30280\" src=\"https:\/\/i0.wp.com\/www.o-p-i.fr\/parlonsen\/wp-content\/uploads\/peyroleenfete.jpg?resize=300%2C225&#038;ssl=1\" alt=\"Peyrole en f\u00eate - Edition 2013\" width=\"300\" height=\"225\" srcset=\"https:\/\/i0.wp.com\/www.o-p-i.fr\/parlonsen\/wp-content\/uploads\/peyroleenfete.jpg?resize=300%2C225&amp;ssl=1 300w, https:\/\/i0.wp.com\/www.o-p-i.fr\/parlonsen\/wp-content\/uploads\/peyroleenfete.jpg?resize=768%2C576&amp;ssl=1 768w, https:\/\/i0.wp.com\/www.o-p-i.fr\/parlonsen\/wp-content\/uploads\/peyroleenfete.jpg?resize=150%2C113&amp;ssl=1 150w, https:\/\/i0.wp.com\/www.o-p-i.fr\/parlonsen\/wp-content\/uploads\/peyroleenfete.jpg?resize=400%2C300&amp;ssl=1 400w, https:\/\/i0.wp.com\/www.o-p-i.fr\/parlonsen\/wp-content\/uploads\/peyroleenfete.jpg?w=960&amp;ssl=1 960w\" sizes=\"auto, (max-width: 300px) 100vw, 300px\" \/><\/a><figcaption id=\"caption-attachment-30280\" class=\"wp-caption-text\">Peyrole en f\u00eate &#8211; Edition 2013<\/figcaption><\/figure>\n<p>Traditionnelles d\u00e9monstrations des battages \u00e0 l&rsquo;ancienne.<br \/>\nRepas (poulet basquaise) et soir\u00e9e dansante avec le DJ \u00ab\u00a0Deliria\u00a0\u00bb<\/p>\n<ul>\n<li><strong>Dimanche 31 juillet<\/strong><\/li>\n<\/ul>\n<p>Vide-grenier \u00e0 partir de 6hoo (r\u00e9servation au 06 50 76 97 35)<br \/>\nVillage gourmand<br \/>\nGrand concours de jeux de force<\/p>\n<p>Tout le week-end, animations pour petits et grands : man\u00e8ges, p\u00eache aux canards, toboggan gonflable, balade \u00e0 poneys&#8230;<\/p>\n<p><strong>Pour y aller &#8230;<\/strong><br \/>\n<a href=\"https:\/\/goo.gl\/maps\/jwGexHW6iQo\">81310 PEYROLE<\/a><\/p>\n<p><strong>Contact\u00a0 :<\/strong> Comit\u00e9 des F\u00eates de Peyrole<br \/>\nT\u00e9l. : 06 76 86 44 36<br \/>\nFacebook : <a href=\"https:\/\/www.facebook.com\/Peyrole-en-f%C3%AAte-Le-Comit%C3%A9-des-F%C3%AAtes-de-Peyrole-290044414368508\/\">Peyrole en f\u00eate<\/a><br \/>\n<em>Information communiqu\u00e9e par Nathalie CANTORO, organisatrice de la manifestation<\/em><\/p>\n","protected":false},"excerpt":{"rendered":"<div class=\"mh-excerpt\">Comme chaque ann\u00e9e, la f\u00eate du village est de retour du 29 au 31 Juillet 2016 !<\/div>\n","protected":false},"author":2,"featured_media":0,"comment_status":"open","ping_status":"open","sticky":false,"template":"","format":"standard","meta":{"om_disable_all_campaigns":false,"advanced_seo_description":"","jetpack_seo_html_title":"","jetpack_seo_noindex":false,"_jetpack_memberships_contains_paid_content":false,"footnotes":"","_links_to":"","_links_to_target":""},"categories":[42,129,1,603,54,2477],"tags":[303,323,354,803,2587,2588,43,56,145,156,157,166,228],"class_list":{"0":"post-30279","1":"post","2":"type-post","3":"status-publish","4":"format-standard","6":"category-a-cote-de-chez-nous","7":"category-vide-grenier","8":"category-culture","9":"category-vive-lete","10":"category-loisirs","11":"category-n-124-juillet-2016","12":"tag-marche-gourmand","13":"tag-enfant","14":"tag-concours","15":"tag-comite-des-fetes","16":"tag-peyrole","17":"tag-battages-a-lancienne","18":"tag-concert","19":"tag-fete","20":"tag-animation","21":"tag-bal","22":"tag-repas","23":"tag-randonnee","24":"tag-patrimoine"},"jetpack_featured_media_url":"","views":{"total":2,"cached_at":"","cached_date":1738517931},"jetpack_likes_enabled":true,"jetpack_sharing_enabled":true,"jetpack_shortlink":"https:\/\/wp.me\/pg7Wxj-7Sn","jetpack-related-posts":[],"_links":{"self":[{"href":"https:\/\/www.o-p-i.fr\/parlonsen\/wp-json\/wp\/v2\/posts\/30279","targetHints":{"allow":["GET"]}}],"collection":[{"href":"https:\/\/www.o-p-i.fr\/parlonsen\/wp-json\/wp\/v2\/posts"}],"about":[{"href":"https:\/\/www.o-p-i.fr\/parlonsen\/wp-json\/wp\/v2\/types\/post"}],"author":[{"embeddable":true,"href":"https:\/\/www.o-p-i.fr\/parlonsen\/wp-json\/wp\/v2\/users\/2"}],"replies":[{"embeddable":true,"href":"https:\/\/www.o-p-i.fr\/parlonsen\/wp-json\/wp\/v2\/comments?post=30279"}],"version-history":[{"count":0,"href":"https:\/\/www.o-p-i.fr\/parlonsen\/wp-json\/wp\/v2\/posts\/30279\/revisions"}],"wp:attachment":[{"href":"https:\/\/www.o-p-i.fr\/parlonsen\/wp-json\/wp\/v2\/media?parent=30279"}],"wp:term":[{"taxonomy":"category","embeddable":true,"href":"https:\/\/www.o-p-i.fr\/parlonsen\/wp-json\/wp\/v2\/categories?post=30279"},{"taxonomy":"post_tag","embeddable":true,"href":"https:\/\/www.o-p-i.fr\/parlonsen\/wp-json\/wp\/v2\/tags?post=30279"}],"curies":[{"name":"wp","href":"https:\/\/api.w.org\/{rel}","templated":true}]}}