{"id":30437,"date":"2016-08-18T14:23:10","date_gmt":"2016-08-18T13:23:10","guid":{"rendered":"\/parlonsen\/?p=30437"},"modified":"2016-08-18T14:23:10","modified_gmt":"2016-08-18T13:23:10","slug":"cest-la-fete-a-beauvais-sur-tescou-81","status":"publish","type":"post","link":"https:\/\/www.o-p-i.fr\/parlonsen\/localisation\/au-pays-des-tescous\/beauvais-sur-tescou\/cest-la-fete-a-beauvais-sur-tescou-81\/","title":{"rendered":"C&rsquo;est la f\u00eate&#8230;\u00e0 Beauvais sur Tescou (81)"},"content":{"rendered":"<p><strong>Les 26,27 et 28 ao\u00fbt 2016<\/strong>, le comit\u00e9 des f\u00eates de <strong>Beauvais sur Tescou<\/strong> vous invite \u00e0 participer aux r\u00e9jouissances qu&rsquo;il vous a pr\u00e9par\u00e9es !<\/p>\n<p><!--more--><\/p>\n<p><strong>Vendredi 26 ao\u00fbt 2016<\/strong><\/p>\n<ul>\n<li>20 h.\u00a0Ballade au clair de lune. Avec une conteuse! Noubliez pas vos loupiotes!<\/li>\n<\/ul>\n<p><strong>Samedi 27\u00a0ao\u00fbt 2016<\/strong><\/p>\n<ul>\n<li>14h.30 Concours amical de p\u00e9tanque, en doublette. En 4 parties<\/li>\n<li>19h.30 D\u00e9monstration de Taekwondo<\/li>\n<li>21h. <strong>REPAS AU VILLAGE\u00a0<\/strong>( sous chapiteau) : Melon-jambon, Echine de porc-gratin, Dessert glac\u00e9, vin et caf\u00e9<br \/>\nTarif: \u00a015 \u20ac, enfants moions de 10 ans 8 \u20ac, gratuit pour moins de 5 ans<br \/>\nInscription avant le 24 ao\u00fbt (places limit\u00e9es) Cathy: 05 63 40 50 50 ou Sandrine: 06 33 17 73 10<br \/>\nATTENTION! Amenez vos couverts et assiettes<\/li>\n<li>22h.30 EVENT&rsquo;CIEL<\/li>\n<\/ul>\n<p><strong>Dimanche 28\u00a0ao\u00fbt 2016<\/strong><\/p>\n<p style=\"padding-left: 60px;\"><strong>Le Raid des C\u00f4teaux :<\/strong><\/p>\n<p style=\"padding-left: 90px;\">&#8211; 8h. Rando VTT, 2 circuits: 35 et 58 kilom\u00e8tres<br \/>\n&#8211; 9h.Rando p\u00e9destre, 12 kilom\u00e8tres<\/p>\n<ul>\n<li>10h. Messe<\/li>\n<li>11h.30 Ap\u00e9ritif offert par la mairie<\/li>\n<li>14h.30\u00a0Concours amical de p\u00e9tanque<\/li>\n<li>15H.30 Animations gratuites: jeux de soci\u00e9t\u00e9s, cartes&#8230;<\/li>\n<li>19h. Ap\u00e9ro-grillades<\/li>\n<li>21h. D\u00e9fil\u00e9 des majorettes: <strong><a href=\"https:\/\/www.o-p-i.fr\/aupays\/annuaire\/loisirs\/les-emeraudes-du-pays-salvagnacois\/\">\u00ab\u00a0Les Emeraudes de Salvagnac\u00a0\u00bb<\/a><\/strong><\/li>\n<li>22h. Grand Feu d&rsquo;Artifice<\/li>\n<\/ul>\n<p>Une buvette vous accueille tout le week end.<\/p>\n<p><em>Communiqu\u00e9 par Cathy<\/em><br \/>\n<a href=\"https:\/\/www.o-p-i.fr\/parlonsen\/agenda\/\"><strong>Retrouvez tous les \u00e9v\u00e9nements dans l&rsquo;agenda !<\/strong><\/a><\/p>\n","protected":false},"excerpt":{"rendered":"<div class=\"mh-excerpt\">Les 26,27 et 28 ao\u00fbt 2016, le comit\u00e9 des f\u00eates de Beauvais sur Tescou vous invite \u00e0 participer aux r\u00e9jouissances qu&rsquo;il vous a pr\u00e9par\u00e9es !<\/div>\n","protected":false},"author":4,"featured_media":0,"comment_status":"open","ping_status":"open","sticky":false,"template":"","format":"standard","meta":{"om_disable_all_campaigns":false,"advanced_seo_description":"","jetpack_seo_html_title":"","jetpack_seo_noindex":false,"_jetpack_memberships_contains_paid_content":false,"footnotes":"","_links_to":"","_links_to_target":""},"categories":[28,52,54,2515],"tags":[56,156,224,353,1736,2597],"class_list":{"0":"post-30437","1":"post","2":"type-post","3":"status-publish","4":"format-standard","6":"category-beauvais-sur-tescou","7":"category-parlons-en","8":"category-loisirs","9":"category-n-125-aout-2016","10":"tag-fete","11":"tag-bal","12":"tag-majorette","13":"tag-petanque","14":"tag-concours-de-petanque","15":"tag-repas-de-village"},"jetpack_featured_media_url":"","views":{"total":1,"cached_at":"","cached_date":1738274218},"jetpack_likes_enabled":true,"jetpack_sharing_enabled":true,"jetpack_shortlink":"https:\/\/wp.me\/pg7Wxj-7UV","jetpack-related-posts":[],"_links":{"self":[{"href":"https:\/\/www.o-p-i.fr\/parlonsen\/wp-json\/wp\/v2\/posts\/30437","targetHints":{"allow":["GET"]}}],"collection":[{"href":"https:\/\/www.o-p-i.fr\/parlonsen\/wp-json\/wp\/v2\/posts"}],"about":[{"href":"https:\/\/www.o-p-i.fr\/parlonsen\/wp-json\/wp\/v2\/types\/post"}],"author":[{"embeddable":true,"href":"https:\/\/www.o-p-i.fr\/parlonsen\/wp-json\/wp\/v2\/users\/4"}],"replies":[{"embeddable":true,"href":"https:\/\/www.o-p-i.fr\/parlonsen\/wp-json\/wp\/v2\/comments?post=30437"}],"version-history":[{"count":0,"href":"https:\/\/www.o-p-i.fr\/parlonsen\/wp-json\/wp\/v2\/posts\/30437\/revisions"}],"wp:attachment":[{"href":"https:\/\/www.o-p-i.fr\/parlonsen\/wp-json\/wp\/v2\/media?parent=30437"}],"wp:term":[{"taxonomy":"category","embeddable":true,"href":"https:\/\/www.o-p-i.fr\/parlonsen\/wp-json\/wp\/v2\/categories?post=30437"},{"taxonomy":"post_tag","embeddable":true,"href":"https:\/\/www.o-p-i.fr\/parlonsen\/wp-json\/wp\/v2\/tags?post=30437"}],"curies":[{"name":"wp","href":"https:\/\/api.w.org\/{rel}","templated":true}]}}