{"id":30550,"date":"2016-10-17T17:37:34","date_gmt":"2016-10-17T16:37:34","guid":{"rendered":"\/parlonsen\/?p=30550"},"modified":"2016-10-17T18:06:22","modified_gmt":"2016-10-17T17:06:22","slug":"festival-automnen-rire-a-giroussens-81","status":"publish","type":"post","link":"https:\/\/www.o-p-i.fr\/parlonsen\/parlons-en\/culture\/festival-automnen-rire-a-giroussens-81\/","title":{"rendered":"Festival Automn&rsquo;en rire &#8230; \u00e0 Giroussens (81)"},"content":{"rendered":"<p>Festival de th\u00e9\u00e2tre amateur <strong>du 20 au 23 Octobre 2016<\/strong>, Salle de la Boulonnette.<!--more--><\/p>\n<figure id=\"attachment_30551\" aria-describedby=\"caption-attachment-30551\" style=\"width: 640px\" class=\"wp-caption aligncenter\"><a href=\"https:\/\/i0.wp.com\/www.o-p-i.fr\/parlonsen\/wp-content\/uploads\/automnenrire2016.jpg?ssl=1\"><img data-recalc-dims=\"1\" loading=\"lazy\" decoding=\"async\" class=\"size-large wp-image-30551\" src=\"https:\/\/i0.wp.com\/www.o-p-i.fr\/parlonsen\/wp-content\/uploads\/automnenrire2016.jpg?resize=640%2C936&#038;ssl=1\" alt=\"Festival de Th\u00e9\u00e2tre amateur \u00e0 Giroussens (81)\" width=\"640\" height=\"936\" srcset=\"https:\/\/i0.wp.com\/www.o-p-i.fr\/parlonsen\/wp-content\/uploads\/automnenrire2016.jpg?resize=700%2C1024&amp;ssl=1 700w, https:\/\/i0.wp.com\/www.o-p-i.fr\/parlonsen\/wp-content\/uploads\/automnenrire2016.jpg?resize=205%2C300&amp;ssl=1 205w, https:\/\/i0.wp.com\/www.o-p-i.fr\/parlonsen\/wp-content\/uploads\/automnenrire2016.jpg?resize=768%2C1124&amp;ssl=1 768w, https:\/\/i0.wp.com\/www.o-p-i.fr\/parlonsen\/wp-content\/uploads\/automnenrire2016.jpg?resize=102%2C150&amp;ssl=1 102w, https:\/\/i0.wp.com\/www.o-p-i.fr\/parlonsen\/wp-content\/uploads\/automnenrire2016.jpg?resize=400%2C586&amp;ssl=1 400w, https:\/\/i0.wp.com\/www.o-p-i.fr\/parlonsen\/wp-content\/uploads\/automnenrire2016.jpg?w=800&amp;ssl=1 800w\" sizes=\"auto, (max-width: 640px) 100vw, 640px\" \/><\/a><figcaption id=\"caption-attachment-30551\" class=\"wp-caption-text\">Festival de Th\u00e9\u00e2tre amateur \u00e0 Giroussens (81)<\/figcaption><\/figure>\n<h4 style=\"text-align: center;\"><a href=\"https:\/\/www.o-p-i.fr\/parlonsen\/wp-content\/uploads\/automenrire2016.pdf\">D\u00e9couvrez le programme complet<\/a><\/h4>\n<p><strong>Tarif :<br \/>\n<\/strong>Entr\u00e9e Festival : 7\u20ac<strong><br \/>\n<\/strong>Gratuit \u2013 de 10 ans<strong><br \/>\n<\/strong><\/p>\n<p><strong>Contact :<\/strong> Jean-Claude Chambert<br \/>\nT\u00e9l. : 06 10 66 05 44<br \/>\nCourriel : <a href=\"mailto:theatreaccg81@laposte.net\">theatreaccg81@laposte.net<\/a><\/p>\n<p><em>Communiqu\u00e9 par Jean-Claude Chambert.<\/em><br \/>\nContact<\/p>\n<p><span style=\"border-radius: 2px; text-indent: 20px; width: auto; padding: 0px 4px 0px 0px; text-align: center; font: bold 11px\/20px 'Helvetica Neue',Helvetica,sans-serif; color: #ffffff; background: #bd081c no-repeat scroll 3px 50% \/ 14px 14px; position: absolute; opacity: 1; z-index: 8675309; display: none; cursor: pointer;\">Enregistrer<\/span><\/p>\n<p><span style=\"border-radius: 2px; text-indent: 20px; width: auto; padding: 0px 4px 0px 0px; text-align: center; font: bold 11px\/20px 'Helvetica Neue',Helvetica,sans-serif; color: #ffffff; background: #bd081c  no-repeat scroll 3px 50% \/ 14px 14px; position: absolute; opacity: 1; z-index: 8675309; display: none; cursor: pointer;\">Enregistrer<\/span><\/p>\n","protected":false},"excerpt":{"rendered":"<div class=\"mh-excerpt\">Festival de th\u00e9\u00e2tre amateur du 20 au 23 Octobre 2016, Salle de la Boulonnette.<\/div>\n","protected":false},"author":2,"featured_media":0,"comment_status":"open","ping_status":"open","sticky":false,"template":"","format":"standard","meta":{"om_disable_all_campaigns":false,"advanced_seo_description":"","jetpack_seo_html_title":"","jetpack_seo_noindex":false,"_jetpack_memberships_contains_paid_content":false,"footnotes":"","_links_to":"","_links_to_target":""},"categories":[42,1,54,2517],"tags":[57,82,132,323,441,467,677],"class_list":{"0":"post-30550","1":"post","2":"type-post","3":"status-publish","4":"format-standard","6":"category-a-cote-de-chez-nous","7":"category-culture","8":"category-loisirs","9":"category-n-127-octobre-2016","10":"tag-theatre","11":"tag-aines","12":"tag-spectacle","13":"tag-enfant","14":"tag-spectacle-enfant","15":"tag-giroussens","16":"tag-festival"},"jetpack_featured_media_url":"","views":{"total":0,"cached_at":"","cached_date":1738345314},"jetpack_likes_enabled":true,"jetpack_sharing_enabled":true,"jetpack_shortlink":"https:\/\/wp.me\/pg7Wxj-7WK","jetpack-related-posts":[],"_links":{"self":[{"href":"https:\/\/www.o-p-i.fr\/parlonsen\/wp-json\/wp\/v2\/posts\/30550","targetHints":{"allow":["GET"]}}],"collection":[{"href":"https:\/\/www.o-p-i.fr\/parlonsen\/wp-json\/wp\/v2\/posts"}],"about":[{"href":"https:\/\/www.o-p-i.fr\/parlonsen\/wp-json\/wp\/v2\/types\/post"}],"author":[{"embeddable":true,"href":"https:\/\/www.o-p-i.fr\/parlonsen\/wp-json\/wp\/v2\/users\/2"}],"replies":[{"embeddable":true,"href":"https:\/\/www.o-p-i.fr\/parlonsen\/wp-json\/wp\/v2\/comments?post=30550"}],"version-history":[{"count":0,"href":"https:\/\/www.o-p-i.fr\/parlonsen\/wp-json\/wp\/v2\/posts\/30550\/revisions"}],"wp:attachment":[{"href":"https:\/\/www.o-p-i.fr\/parlonsen\/wp-json\/wp\/v2\/media?parent=30550"}],"wp:term":[{"taxonomy":"category","embeddable":true,"href":"https:\/\/www.o-p-i.fr\/parlonsen\/wp-json\/wp\/v2\/categories?post=30550"},{"taxonomy":"post_tag","embeddable":true,"href":"https:\/\/www.o-p-i.fr\/parlonsen\/wp-json\/wp\/v2\/tags?post=30550"}],"curies":[{"name":"wp","href":"https:\/\/api.w.org\/{rel}","templated":true}]}}