{"id":30642,"date":"2016-09-15T13:32:23","date_gmt":"2016-09-15T12:32:23","guid":{"rendered":"\/parlonsen\/?p=30642"},"modified":"2016-09-15T13:32:23","modified_gmt":"2016-09-15T12:32:23","slug":"regards-croises-sur-les-chateaux-viticoles-de-saurs-et-des-fortis-a-lisle-sur-tarn-81","status":"publish","type":"post","link":"https:\/\/www.o-p-i.fr\/parlonsen\/parlons-en\/culture\/regards-croises-sur-les-chateaux-viticoles-de-saurs-et-des-fortis-a-lisle-sur-tarn-81\/","title":{"rendered":"Regards crois\u00e9s sur les ch\u00e2teaux viticoles de Saurs et des Fortis  &#8230; \u00e0 Lisle sur Tarn (81)"},"content":{"rendered":"<p style=\"text-align: justify;\">Dans le cadre des Journ\u00e9es Europ\u00e9ennes du Patrimoine, le mus\u00e9e Raymond Lafage vous propose le <strong>Samedi 17 Septembre 2016<\/strong> \u00e0 15h30, une conf\u00e9rence intitul\u00e9e : \u00ab Regards crois\u00e9s sur les ch\u00e2teaux viticoles de Saurs et des Fortis \u00bb<!--more-->, conduite par Sonia SERVANT, CAUE du Tarn Mission d&rsquo;Inventaire du Patrimoine.<\/p>\n<p>Suivie le Dimanche 18 septembre \u00e0 15h30, d&rsquo;un d\u00e9bat intitul\u00e9 : \u00ab Discussion \u00e0 b\u00e2tons rompus autour de la gravure et de l&rsquo;estampe en g\u00e9n\u00e9ral \u00bb, men\u00e9 par Claudette FERRI\u00c9, graveur, responsable de l&rsquo;Atelier de Gravure Croix-Baragnon de Toulouse.<\/p>\n<figure id=\"attachment_30643\" aria-describedby=\"caption-attachment-30643\" style=\"width: 640px\" class=\"wp-caption aligncenter\"><a href=\"https:\/\/i0.wp.com\/www.o-p-i.fr\/parlonsen\/wp-content\/uploads\/patrimoine_lislesurtarn2016.jpg?ssl=1\"><img data-recalc-dims=\"1\" loading=\"lazy\" decoding=\"async\" class=\"size-large wp-image-30643\" src=\"https:\/\/i0.wp.com\/www.o-p-i.fr\/parlonsen\/wp-content\/uploads\/patrimoine_lislesurtarn2016.jpg?resize=640%2C453&#038;ssl=1\" alt=\"Journ\u00e9es du Patrimoine  \u00e0 Lisle sur Tarn (81)\" width=\"640\" height=\"453\" srcset=\"https:\/\/i0.wp.com\/www.o-p-i.fr\/parlonsen\/wp-content\/uploads\/patrimoine_lislesurtarn2016.jpg?resize=1024%2C724&amp;ssl=1 1024w, https:\/\/i0.wp.com\/www.o-p-i.fr\/parlonsen\/wp-content\/uploads\/patrimoine_lislesurtarn2016.jpg?resize=300%2C212&amp;ssl=1 300w, https:\/\/i0.wp.com\/www.o-p-i.fr\/parlonsen\/wp-content\/uploads\/patrimoine_lislesurtarn2016.jpg?resize=768%2C543&amp;ssl=1 768w, https:\/\/i0.wp.com\/www.o-p-i.fr\/parlonsen\/wp-content\/uploads\/patrimoine_lislesurtarn2016.jpg?resize=150%2C106&amp;ssl=1 150w, https:\/\/i0.wp.com\/www.o-p-i.fr\/parlonsen\/wp-content\/uploads\/patrimoine_lislesurtarn2016.jpg?resize=400%2C283&amp;ssl=1 400w, https:\/\/i0.wp.com\/www.o-p-i.fr\/parlonsen\/wp-content\/uploads\/patrimoine_lislesurtarn2016.jpg?w=1754&amp;ssl=1 1754w\" sizes=\"auto, (max-width: 640px) 100vw, 640px\" \/><\/a><figcaption id=\"caption-attachment-30643\" class=\"wp-caption-text\">Journ\u00e9es du Patrimoine \u00e0 Lisle sur Tarn (81)<\/figcaption><\/figure>\n<p><strong>Tarifs :<br \/>\n<\/strong>Gratuit<\/p>\n<p><strong>Contact :<\/strong> <a href=\"https:\/\/www.o-p-i.fr\/aupays\/annuaire\/tourisme\/musee-raymond-lafage-lisle-sur-tarn\/\" rel=\"bookmark\">Mus\u00e9e Raymond Lafage<\/a><\/p>\n<div class=\"entry-thumbnails\"><a href=\"https:\/\/www.o-p-i.fr\/aupays\/annuaire\/tourisme\/musee-raymond-lafage-lisle-sur-tarn\/\"><img decoding=\"async\" title=\"Mus\u00e9e Raymond Lafage\" src=\"https:\/\/www.o-p-i.fr\/aupays\/wp-content\/themes\/arras-theme\/library\/timthumb.php?src=https:\/\/www.o-p-i.fr\/aupays\/wp-content\/uploads\/logo_museeraymondlafage.jpg&amp;w=190&amp;h=100&amp;zc=1\" alt=\"Mus\u00e9e Raymond Lafage\" \/><\/a><span class=\"entry-meta\"><abbr class=\"published\" title=\"2016-09-06T15:00:46+00:00\">&#8230;<\/abbr><\/span><\/div>\n<div class=\"entry-thumbnails\"><em>Communiqu\u00e9 par l&rsquo;\u00e9quipe du Mus\u00e9e.<\/em><\/div>\n<h3 class=\"entry-title\"><\/h3>\n","protected":false},"excerpt":{"rendered":"<div class=\"mh-excerpt\">Dans le cadre des Journ\u00e9es Europ\u00e9ennes du Patrimoine, le mus\u00e9e Raymond Lafage vous propose le Samedi 17 Septembre 2016 \u00e0 15h30, une conf\u00e9rence intitul\u00e9e : \u00ab Regards crois\u00e9s sur les ch\u00e2teaux viticoles de Saurs et <a class=\"mh-excerpt-more\" href=\"https:\/\/www.o-p-i.fr\/parlonsen\/parlons-en\/culture\/regards-croises-sur-les-chateaux-viticoles-de-saurs-et-des-fortis-a-lisle-sur-tarn-81\/\" title=\"Regards crois\u00e9s sur les ch\u00e2teaux viticoles de Saurs et des Fortis  &#8230; \u00e0 Lisle sur Tarn (81)\">[&#8230;]<\/a><\/div>\n","protected":false},"author":2,"featured_media":0,"comment_status":"open","ping_status":"open","sticky":false,"template":"","format":"standard","meta":{"om_disable_all_campaigns":false,"advanced_seo_description":"","jetpack_seo_html_title":"","jetpack_seo_noindex":false,"_jetpack_memberships_contains_paid_content":false,"footnotes":"","_links_to":"","_links_to_target":""},"categories":[3,42,1,54,648,2516],"tags":[77,78,228,234,330,492,506,514,1057,1520],"class_list":{"0":"post-30642","1":"post","2":"type-post","3":"status-publish","4":"format-standard","6":"category-agriculture","7":"category-a-cote-de-chez-nous","8":"category-culture","9":"category-loisirs","10":"category-cest-la-rentree","11":"category-n-126-septembre-2016","12":"tag-lisle-sur-tarn","13":"tag-musee-raymond-lafage","14":"tag-patrimoine","15":"tag-conference","16":"tag-rencontre","17":"tag-estampe","18":"tag-musee","19":"tag-saurs","20":"tag-journees-du-patrimoine","21":"tag-gravure"},"jetpack_featured_media_url":"","views":{"total":0,"cached_at":"","cached_date":1738271542},"jetpack_likes_enabled":true,"jetpack_sharing_enabled":true,"jetpack_shortlink":"https:\/\/wp.me\/pg7Wxj-7Ye","jetpack-related-posts":[],"_links":{"self":[{"href":"https:\/\/www.o-p-i.fr\/parlonsen\/wp-json\/wp\/v2\/posts\/30642","targetHints":{"allow":["GET"]}}],"collection":[{"href":"https:\/\/www.o-p-i.fr\/parlonsen\/wp-json\/wp\/v2\/posts"}],"about":[{"href":"https:\/\/www.o-p-i.fr\/parlonsen\/wp-json\/wp\/v2\/types\/post"}],"author":[{"embeddable":true,"href":"https:\/\/www.o-p-i.fr\/parlonsen\/wp-json\/wp\/v2\/users\/2"}],"replies":[{"embeddable":true,"href":"https:\/\/www.o-p-i.fr\/parlonsen\/wp-json\/wp\/v2\/comments?post=30642"}],"version-history":[{"count":0,"href":"https:\/\/www.o-p-i.fr\/parlonsen\/wp-json\/wp\/v2\/posts\/30642\/revisions"}],"wp:attachment":[{"href":"https:\/\/www.o-p-i.fr\/parlonsen\/wp-json\/wp\/v2\/media?parent=30642"}],"wp:term":[{"taxonomy":"category","embeddable":true,"href":"https:\/\/www.o-p-i.fr\/parlonsen\/wp-json\/wp\/v2\/categories?post=30642"},{"taxonomy":"post_tag","embeddable":true,"href":"https:\/\/www.o-p-i.fr\/parlonsen\/wp-json\/wp\/v2\/tags?post=30642"}],"curies":[{"name":"wp","href":"https:\/\/api.w.org\/{rel}","templated":true}]}}