{"id":30647,"date":"2016-09-15T14:56:19","date_gmt":"2016-09-15T13:56:19","guid":{"rendered":"\/parlonsen\/?p=30647"},"modified":"2016-09-15T14:56:19","modified_gmt":"2016-09-15T13:56:19","slug":"quercy-jazz-fait-sa-rentree-a-genebrieres-82","status":"publish","type":"post","link":"https:\/\/www.o-p-i.fr\/parlonsen\/localisation\/au-pays-des-tescous\/genebrieres\/quercy-jazz-fait-sa-rentree-a-genebrieres-82\/","title":{"rendered":"Quercy Jazz fait sa rentr\u00e9e &#8230; \u00e0 Genebri\u00e8res (82)"},"content":{"rendered":"<p>Venez danser avec Quercy Jazz \u00e0 compter du <strong>Vendredi 30 Septembre 2016\u00a0<\/strong> \u00e0 la salle des f\u00eate de Genebri\u00e8res.<!--more--><\/p>\n<p>L&rsquo;association de danse Quercy Jazz \u00a0vous propose des cours de danse modern Jazz tous les vendredis soir :<\/p>\n<figure id=\"attachment_30648\" aria-describedby=\"caption-attachment-30648\" style=\"width: 200px\" class=\"wp-caption alignright\"><a href=\"https:\/\/i0.wp.com\/www.o-p-i.fr\/parlonsen\/wp-content\/uploads\/justineallegre.jpg?ssl=1\"><img data-recalc-dims=\"1\" loading=\"lazy\" decoding=\"async\" class=\"size-full wp-image-30648\" src=\"https:\/\/i0.wp.com\/www.o-p-i.fr\/parlonsen\/wp-content\/uploads\/justineallegre.jpg?resize=200%2C200&#038;ssl=1\" alt=\"Justine ALLEGRE\" width=\"200\" height=\"200\" srcset=\"https:\/\/i0.wp.com\/www.o-p-i.fr\/parlonsen\/wp-content\/uploads\/justineallegre.jpg?w=200&amp;ssl=1 200w, https:\/\/i0.wp.com\/www.o-p-i.fr\/parlonsen\/wp-content\/uploads\/justineallegre.jpg?resize=150%2C150&amp;ssl=1 150w\" sizes=\"auto, (max-width: 200px) 100vw, 200px\" \/><\/a><figcaption id=\"caption-attachment-30648\" class=\"wp-caption-text\">Justine ALLEGRE<\/figcaption><\/figure>\n<ul>\n<li>\u00c9veil 1 (4-5 ans) : de 17h15 \u00e0 18h00<\/li>\n<li>\u00c9veil 2 (5-6ans) : de 18h00 \u00e0 18h45<\/li>\n<li>Initiation (7-9ans ) : de 18h45 \u00e0 19h45<\/li>\n<li>Ados (+ de 10 ans) : de 19h45 \u00e0 20h45<\/li>\n<li>Adultes : de 20h45 \u00e0 22h00<\/li>\n<\/ul>\n<p>Une nouvelle professeur de danse dipl\u00f4m\u00e9e : Justine ALLEGRE, remplacera Angelina FOUCAULT qui a d\u00e9m\u00e9nag\u00e9 un peu trop loin pour revenir donner cours.<\/p>\n<p>Cours d&rsquo;essais gratuits.<\/p>\n<p><strong>Contact :<\/strong> <a href=\"https:\/\/www.o-p-i.fr\/aupays\/annuaire\/loisirs\/quercy-jazz\/\" rel=\"bookmark\">Quercy-Jazz<\/a><\/p>\n<div class=\"entry-thumbnails\"><a href=\"https:\/\/www.o-p-i.fr\/aupays\/annuaire\/loisirs\/quercy-jazz\/\"><img decoding=\"async\" title=\"Quercy-Jazz\" src=\"https:\/\/www.o-p-i.fr\/aupays\/wp-content\/themes\/arras-theme\/library\/timthumb.php?src=https:\/\/www.o-p-i.fr\/aupays\/wp-content\/uploads\/logo_quercy_jazz.jpg&amp;w=190&amp;h=100&amp;zc=1\" alt=\"Quercy-Jazz\" \/><\/a><span class=\"entry-meta\"><abbr class=\"published\" title=\"2016-06-08T23:00:33+00:00\">&#8230;<\/abbr><\/span><\/div>\n<div class=\"entry-thumbnails\"><\/div>\n<div class=\"entry-thumbnails\"><em>Source image : <a href=\"https:\/\/fr.linkedin.com\/in\/justine-allegre-628347122\">https:\/\/fr.linkedin.com\/in\/justine-allegre-628347122<\/a><\/em><\/div>\n","protected":false},"excerpt":{"rendered":"<div class=\"mh-excerpt\">Venez danser avec Quercy Jazz \u00e0 compter du Vendredi 30 Septembre 2016\u00a0 \u00e0 la salle des f\u00eate de Genebri\u00e8res.<\/div>\n","protected":false},"author":2,"featured_media":0,"comment_status":"open","ping_status":"open","sticky":false,"template":"","format":"standard","meta":{"om_disable_all_campaigns":false,"advanced_seo_description":"","jetpack_seo_html_title":"","jetpack_seo_noindex":false,"_jetpack_memberships_contains_paid_content":false,"footnotes":"","_links_to":"","_links_to_target":""},"categories":[29,725,54,648,53,2516],"tags":[84,179,2552,323,432,435,561,649,1915],"class_list":{"0":"post-30647","1":"post","2":"type-post","3":"status-publish","4":"format-standard","6":"category-genebrieres","7":"category-formation-parlons-en","8":"category-loisirs","9":"category-cest-la-rentree","10":"category-sports","11":"category-n-126-septembre-2016","12":"tag-danse","13":"tag-cours","14":"tag-genebrieres","15":"tag-enfant","16":"tag-quercy-jazz","17":"tag-jazz","18":"tag-adolescent","19":"tag-rentree","20":"tag-cours-de-danse"},"jetpack_featured_media_url":"","views":{"total":0,"cached_at":"","cached_date":1738358375},"jetpack_likes_enabled":true,"jetpack_sharing_enabled":true,"jetpack_shortlink":"https:\/\/wp.me\/pg7Wxj-7Yj","jetpack-related-posts":[],"_links":{"self":[{"href":"https:\/\/www.o-p-i.fr\/parlonsen\/wp-json\/wp\/v2\/posts\/30647","targetHints":{"allow":["GET"]}}],"collection":[{"href":"https:\/\/www.o-p-i.fr\/parlonsen\/wp-json\/wp\/v2\/posts"}],"about":[{"href":"https:\/\/www.o-p-i.fr\/parlonsen\/wp-json\/wp\/v2\/types\/post"}],"author":[{"embeddable":true,"href":"https:\/\/www.o-p-i.fr\/parlonsen\/wp-json\/wp\/v2\/users\/2"}],"replies":[{"embeddable":true,"href":"https:\/\/www.o-p-i.fr\/parlonsen\/wp-json\/wp\/v2\/comments?post=30647"}],"version-history":[{"count":0,"href":"https:\/\/www.o-p-i.fr\/parlonsen\/wp-json\/wp\/v2\/posts\/30647\/revisions"}],"wp:attachment":[{"href":"https:\/\/www.o-p-i.fr\/parlonsen\/wp-json\/wp\/v2\/media?parent=30647"}],"wp:term":[{"taxonomy":"category","embeddable":true,"href":"https:\/\/www.o-p-i.fr\/parlonsen\/wp-json\/wp\/v2\/categories?post=30647"},{"taxonomy":"post_tag","embeddable":true,"href":"https:\/\/www.o-p-i.fr\/parlonsen\/wp-json\/wp\/v2\/tags?post=30647"}],"curies":[{"name":"wp","href":"https:\/\/api.w.org\/{rel}","templated":true}]}}