{"id":30655,"date":"2016-09-16T16:49:31","date_gmt":"2016-09-16T15:49:31","guid":{"rendered":"\/parlonsen\/?p=30655"},"modified":"2016-09-16T16:54:13","modified_gmt":"2016-09-16T15:54:13","slug":"atelier-dinformation-sur-la-creation-dentreprise-a-caussade-82","status":"publish","type":"post","link":"https:\/\/www.o-p-i.fr\/parlonsen\/parlons-en\/culture\/atelier-dinformation-sur-la-creation-dentreprise-a-caussade-82\/","title":{"rendered":"Atelier d&rsquo;information sur la cr\u00e9ation d&rsquo;entreprise &#8230; \u00e0 Caussade (82)"},"content":{"rendered":"<p><b>Mardi 27 septembre 2016, <\/b>de 9h \u00e0 12h, la chambre de M\u00e9tiers 82 et la Maison de l&rsquo;Emploi Midi Quercy vous proposent un atelier d&rsquo;information sur la cr\u00e9ation ou reprise d&rsquo;entreprise \u00e0 la Maison de l&rsquo;Emploi.<!--more--><\/p>\n<figure id=\"attachment_30656\" aria-describedby=\"caption-attachment-30656\" style=\"width: 212px\" class=\"wp-caption alignright\"><a href=\"https:\/\/i0.wp.com\/www.o-p-i.fr\/parlonsen\/wp-content\/uploads\/entreprendre_en_MQ.jpg?ssl=1\"><img data-recalc-dims=\"1\" loading=\"lazy\" decoding=\"async\" class=\"size-medium wp-image-30656\" src=\"https:\/\/i0.wp.com\/www.o-p-i.fr\/parlonsen\/wp-content\/uploads\/entreprendre_en_MQ.jpg?resize=212%2C300&#038;ssl=1\" alt=\"Atelier d'information sur la cr\u00e9ation d'entreprise ... \u00e0 Caussade (82)\" width=\"212\" height=\"300\" srcset=\"https:\/\/i0.wp.com\/www.o-p-i.fr\/parlonsen\/wp-content\/uploads\/entreprendre_en_MQ.jpg?resize=212%2C300&amp;ssl=1 212w, https:\/\/i0.wp.com\/www.o-p-i.fr\/parlonsen\/wp-content\/uploads\/entreprendre_en_MQ.jpg?resize=768%2C1087&amp;ssl=1 768w, https:\/\/i0.wp.com\/www.o-p-i.fr\/parlonsen\/wp-content\/uploads\/entreprendre_en_MQ.jpg?resize=724%2C1024&amp;ssl=1 724w, https:\/\/i0.wp.com\/www.o-p-i.fr\/parlonsen\/wp-content\/uploads\/entreprendre_en_MQ.jpg?resize=106%2C150&amp;ssl=1 106w, https:\/\/i0.wp.com\/www.o-p-i.fr\/parlonsen\/wp-content\/uploads\/entreprendre_en_MQ.jpg?resize=400%2C566&amp;ssl=1 400w, https:\/\/i0.wp.com\/www.o-p-i.fr\/parlonsen\/wp-content\/uploads\/entreprendre_en_MQ.jpg?w=800&amp;ssl=1 800w\" sizes=\"auto, (max-width: 212px) 100vw, 212px\" \/><\/a><figcaption id=\"caption-attachment-30656\" class=\"wp-caption-text\">Atelier d&rsquo;information sur la cr\u00e9ation d&rsquo;entreprise &#8230; \u00e0 Caussade (82)<\/figcaption><\/figure>\n<p><strong>Au programme :<br \/>\n<\/strong><\/p>\n<ul>\n<li>De l&rsquo;id\u00e9e au projet : \u00eates vous pr\u00eat \u00e0 cr\u00e9er ou reprendre une entreprise ?<\/li>\n<li>La r\u00e8glementation : \u00e0 savoir avant de s&rsquo;installer&#8230;<\/li>\n<li>Les principaux statuts juridiques pour cr\u00e9er : avantages et inconv\u00e9nients<\/li>\n<li>Les aides \u00e0 la cr\u00e9ation et les ressources locales<\/li>\n<\/ul>\n<p>Plus d&rsquo;informations et inscriptions : <a href=\"http:\/\/www.emploimidiquercy.org\/detact.php?idaction=187\" target=\"_blank\" rel=\"noreferrer\">ici<\/a><span style=\"color: #009900;\"><br \/>\n<\/span><\/p>\n<p><strong>Pour y aller :<\/strong><br \/>\n<a href=\"https:\/\/goo.gl\/maps\/csCXLNsmiTH2\">1 place de la gare<br \/>\n82300 Caussade<\/a><\/p>\n<p>Inscription conseill\u00e9e<\/p>\n<p><strong>Contact : <\/strong>Maison de l&rsquo;Emploi Midi Quercy<br \/>\nT\u00e9l. : 05 63 26 09 40<br \/>\nSite : <a href=\"http:\/\/www.emploimidiquercy.org\" target=\"_blank\">www.emploimidiquercy.org<\/a><\/p>\n<blockquote><p>Pour Information, le prochain Stage Pr\u00e9paratoire \u00e0 l&rsquo;Installation organis\u00e9 par la Chambre de m\u00e9tiers et de l&rsquo;Artisanat sur Caussade aura lieu du lundi 17 octobre au jeudi 20 octobre 2016.<\/p><\/blockquote>\n<p><em>Communiqu\u00e9 par Christophe TYACK, Directeur Maison de l&rsquo;Emploi Midi Quercy<\/em><\/p>\n","protected":false},"excerpt":{"rendered":"<div class=\"mh-excerpt\">Mardi 27 septembre 2016, de 9h \u00e0 12h, la chambre de M\u00e9tiers 82 et la Maison de l&rsquo;Emploi Midi Quercy vous proposent un atelier d&rsquo;information sur la cr\u00e9ation ou reprise d&rsquo;entreprise \u00e0 la Maison de <a class=\"mh-excerpt-more\" href=\"https:\/\/www.o-p-i.fr\/parlonsen\/parlons-en\/culture\/atelier-dinformation-sur-la-creation-dentreprise-a-caussade-82\/\" title=\"Atelier d&rsquo;information sur la cr\u00e9ation d&rsquo;entreprise &#8230; \u00e0 Caussade (82)\">[&#8230;]<\/a><\/div>\n","protected":false},"author":2,"featured_media":0,"comment_status":"open","ping_status":"open","sticky":false,"template":"","format":"standard","meta":{"om_disable_all_campaigns":false,"advanced_seo_description":"","jetpack_seo_html_title":"","jetpack_seo_noindex":false,"_jetpack_memberships_contains_paid_content":false,"footnotes":"","_links_to":"","_links_to_target":""},"categories":[51,4,42,1,1276,725,648,2516],"tags":[136,229,244,305,459,520,1502],"class_list":{"0":"post-30655","1":"post","2":"type-post","3":"status-publish","4":"format-standard","6":"category-artisanat","7":"category-commerce","8":"category-a-cote-de-chez-nous","9":"category-culture","10":"category-economie-parlons-en","11":"category-formation-parlons-en","12":"category-cest-la-rentree","13":"category-n-126-septembre-2016","14":"tag-aide","15":"tag-midi-quercy","16":"tag-formation","17":"tag-caussade","18":"tag-projet","19":"tag-emploi","20":"tag-entreprise"},"jetpack_featured_media_url":"","views":{"total":0,"cached_at":"","cached_date":1738428289},"jetpack_likes_enabled":true,"jetpack_sharing_enabled":true,"jetpack_shortlink":"https:\/\/wp.me\/pg7Wxj-7Yr","jetpack-related-posts":[],"_links":{"self":[{"href":"https:\/\/www.o-p-i.fr\/parlonsen\/wp-json\/wp\/v2\/posts\/30655","targetHints":{"allow":["GET"]}}],"collection":[{"href":"https:\/\/www.o-p-i.fr\/parlonsen\/wp-json\/wp\/v2\/posts"}],"about":[{"href":"https:\/\/www.o-p-i.fr\/parlonsen\/wp-json\/wp\/v2\/types\/post"}],"author":[{"embeddable":true,"href":"https:\/\/www.o-p-i.fr\/parlonsen\/wp-json\/wp\/v2\/users\/2"}],"replies":[{"embeddable":true,"href":"https:\/\/www.o-p-i.fr\/parlonsen\/wp-json\/wp\/v2\/comments?post=30655"}],"version-history":[{"count":0,"href":"https:\/\/www.o-p-i.fr\/parlonsen\/wp-json\/wp\/v2\/posts\/30655\/revisions"}],"wp:attachment":[{"href":"https:\/\/www.o-p-i.fr\/parlonsen\/wp-json\/wp\/v2\/media?parent=30655"}],"wp:term":[{"taxonomy":"category","embeddable":true,"href":"https:\/\/www.o-p-i.fr\/parlonsen\/wp-json\/wp\/v2\/categories?post=30655"},{"taxonomy":"post_tag","embeddable":true,"href":"https:\/\/www.o-p-i.fr\/parlonsen\/wp-json\/wp\/v2\/tags?post=30655"}],"curies":[{"name":"wp","href":"https:\/\/api.w.org\/{rel}","templated":true}]}}