{"id":30670,"date":"2016-09-19T19:01:31","date_gmt":"2016-09-19T18:01:31","guid":{"rendered":"\/parlonsen\/?p=30670"},"modified":"2025-11-12T00:41:02","modified_gmt":"2025-11-11T23:41:02","slug":"concours-de-belote-20162017-a-bioule-82","status":"publish","type":"post","link":"https:\/\/www.o-p-i.fr\/parlonsen\/localisation\/a-cote-de-chez-nous\/bioule\/concours-de-belote-20162017-a-bioule-82\/","title":{"rendered":"Concours de Belote 2016\/2017 &#8230; \u00e0 Bioule (82)"},"content":{"rendered":"<div>L&rsquo;association Dix de Der commence sa saison de concours de belote le <strong>Jeudi 6 Octobre 2016<\/strong> \u00e0 partir de 20h30 \u00e0 la salle des f\u00eates de Bioule.<\/div>\n<p><!--more--><\/p>\n<div><\/div>\n<div>Bonne humeur, esprit convivial et sympathique, nombreux lots vous attendent un jeudi sur deux jusqu&rsquo;au mois d&rsquo;avril selon le calendrier suivant :<\/div>\n<div><\/div>\n<div>\n<figure id=\"attachment_30672\" aria-describedby=\"caption-attachment-30672\" style=\"width: 300px\" class=\"wp-caption alignright\"><a href=\"https:\/\/i0.wp.com\/www.o-p-i.fr\/parlonsen\/wp-content\/uploads\/petitjournalbelotebioule.jpg?ssl=1\"><img data-recalc-dims=\"1\" loading=\"lazy\" decoding=\"async\" class=\"size-medium wp-image-30672\" src=\"https:\/\/i0.wp.com\/www.o-p-i.fr\/parlonsen\/wp-content\/uploads\/petitjournalbelotebioule.jpg?resize=300%2C225&#038;ssl=1\" alt=\"Belote \u00e0 Bioule avec Dix de Der\" width=\"300\" height=\"225\" srcset=\"https:\/\/i0.wp.com\/www.o-p-i.fr\/parlonsen\/wp-content\/uploads\/petitjournalbelotebioule.jpg?resize=300%2C225&amp;ssl=1 300w, https:\/\/i0.wp.com\/www.o-p-i.fr\/parlonsen\/wp-content\/uploads\/petitjournalbelotebioule.jpg?resize=150%2C113&amp;ssl=1 150w, https:\/\/i0.wp.com\/www.o-p-i.fr\/parlonsen\/wp-content\/uploads\/petitjournalbelotebioule.jpg?resize=400%2C300&amp;ssl=1 400w, https:\/\/i0.wp.com\/www.o-p-i.fr\/parlonsen\/wp-content\/uploads\/petitjournalbelotebioule.jpg?w=640&amp;ssl=1 640w\" sizes=\"auto, (max-width: 300px) 100vw, 300px\" \/><\/a><figcaption id=\"caption-attachment-30672\" class=\"wp-caption-text\">Belote \u00e0 Bioule avec Dix de Der<\/figcaption><\/figure>\n<p>Jeudi 6 octobre 2016<br \/>\nJeudi 20 octobre 2016<br \/>\nJeudi 3 novembre 2016<br \/>\nJeudi 17 novembre 2016<br \/>\nJeudi 1 d\u00e9cembre 2016<br \/>\nJeudi 15 d\u00e9cembre 2016<br \/>\nJeudi 5 janvier 2017<br \/>\nJeudi 19 janvier 2017<br \/>\nJeudi 2 f\u00e9vrier 2017<br \/>\nJeudi 16 f\u00e9vrier 2017<br \/>\nJeudi 2 mars 2017<br \/>\nJeudi 16 mars 2017<br \/>\nJeudi 30 mars 2017<br \/>\nJeudi 13 avril 2017Les b\u00e9n\u00e9fices sont revers\u00e9s \u00e0 la recherche contre les maladies. Apr\u00e8s le T\u00e9l\u00e9thon et le cancer les ann\u00e9es pr\u00e9c\u00e9dentes, c&rsquo;est la recherche contre la maladie d&rsquo;Alzheimer que nous essayerons d&rsquo;aider cette ann\u00e9e.<\/p>\n<\/div>\n<div>Buvette &#8211; Loterie<br \/>\n<strong>\u00a0<\/strong><\/div>\n<div>\n<p><strong>Horaires :<\/strong><\/p>\n<div>Inscriptions : \u00e0 partir de 20h30<br \/>\nD\u00e9but des parties : 21h<\/div>\n<p><strong>Contact :<\/strong> Dix de Der<br \/>\nT\u00e9l. : 06 31 18 00 60 (M. Claude CARENOU)<br \/>\nCourriel : <span class=\"adr\"><a class=\"rcmContactAddress\" title=\"lac82@laposte.net\" href=\"mailto:lac82@laposte.net\">lac82@laposte.net<\/a><\/span><\/p>\n<\/div>\n<p><em>Communiqu\u00e9 par l&rsquo;organisateur\u00a0 &#8211; Source image : <a href=\"http:\/\/www.le-petit-journal.com\/011016-478301-Concours-de-belote-organises-par-Dix-de-Der.html\" target=\"_blank\">http:\/\/www.le-petit-journal.com\/<\/a><\/em><\/p>\n<p>&nbsp;<\/p>\n<p><span style=\"border-radius: 2px; text-indent: 20px; width: auto; padding: 0px 4px 0px 0px; text-align: center; font: bold 11px\/20px 'Helvetica Neue',Helvetica,sans-serif; color: #ffffff; background: #bd081c  no-repeat scroll 3px 50% \/ 14px 14px; position: absolute; opacity: 1; z-index: 8675309; display: none; cursor: pointer;\">Enregistrer<\/span><\/p>\n","protected":false},"excerpt":{"rendered":"<div class=\"mh-excerpt\">L&rsquo;association Dix de Der commence sa saison de concours de belote le Jeudi 6 Octobre 2016 \u00e0 partir de 20h30 \u00e0 la salle des f\u00eates de Bioule.<\/div>\n","protected":false},"author":2,"featured_media":0,"comment_status":"open","ping_status":"open","sticky":false,"template":"","format":"standard","meta":{"om_disable_all_campaigns":false,"advanced_seo_description":"","jetpack_seo_html_title":"","jetpack_seo_noindex":false,"_jetpack_memberships_contains_paid_content":false,"footnotes":"","_links_to":"","_links_to_target":""},"categories":[40,2603,54,2604,2605,2606,2517,2518,2519],"tags":[82,348,349,354],"class_list":{"0":"post-30670","1":"post","2":"type-post","3":"status-publish","4":"format-standard","6":"category-bioule","7":"category-n-130-janvier-2017","8":"category-loisirs","9":"category-n-131-fevrier-2017","10":"category-n-132-mars-2017","11":"category-n-133-avril-2017","12":"category-n-127-octobre-2016","13":"category-n-128-novembre-2016","14":"category-n-129-decembre-2016","15":"tag-aines","16":"tag-jeux-de-carte","17":"tag-belote","18":"tag-concours"},"jetpack_featured_media_url":"","views":{"total":0,"cached_at":"","cached_date":1738520285},"jetpack_likes_enabled":true,"jetpack_sharing_enabled":true,"jetpack_shortlink":"https:\/\/wp.me\/pg7Wxj-7YG","jetpack-related-posts":[],"_links":{"self":[{"href":"https:\/\/www.o-p-i.fr\/parlonsen\/wp-json\/wp\/v2\/posts\/30670","targetHints":{"allow":["GET"]}}],"collection":[{"href":"https:\/\/www.o-p-i.fr\/parlonsen\/wp-json\/wp\/v2\/posts"}],"about":[{"href":"https:\/\/www.o-p-i.fr\/parlonsen\/wp-json\/wp\/v2\/types\/post"}],"author":[{"embeddable":true,"href":"https:\/\/www.o-p-i.fr\/parlonsen\/wp-json\/wp\/v2\/users\/2"}],"replies":[{"embeddable":true,"href":"https:\/\/www.o-p-i.fr\/parlonsen\/wp-json\/wp\/v2\/comments?post=30670"}],"version-history":[{"count":1,"href":"https:\/\/www.o-p-i.fr\/parlonsen\/wp-json\/wp\/v2\/posts\/30670\/revisions"}],"predecessor-version":[{"id":67528,"href":"https:\/\/www.o-p-i.fr\/parlonsen\/wp-json\/wp\/v2\/posts\/30670\/revisions\/67528"}],"wp:attachment":[{"href":"https:\/\/www.o-p-i.fr\/parlonsen\/wp-json\/wp\/v2\/media?parent=30670"}],"wp:term":[{"taxonomy":"category","embeddable":true,"href":"https:\/\/www.o-p-i.fr\/parlonsen\/wp-json\/wp\/v2\/categories?post=30670"},{"taxonomy":"post_tag","embeddable":true,"href":"https:\/\/www.o-p-i.fr\/parlonsen\/wp-json\/wp\/v2\/tags?post=30670"}],"curies":[{"name":"wp","href":"https:\/\/api.w.org\/{rel}","templated":true}]}}