{"id":30677,"date":"2016-09-20T14:19:22","date_gmt":"2016-09-20T13:19:22","guid":{"rendered":"\/parlonsen\/?p=30677"},"modified":"2016-09-21T16:07:54","modified_gmt":"2016-09-21T15:07:54","slug":"leloge-du-vin-a-broze-81","status":"publish","type":"post","link":"https:\/\/www.o-p-i.fr\/parlonsen\/parlons-en\/culture\/leloge-du-vin-a-broze-81\/","title":{"rendered":"L&rsquo;\u00e9loge du vin &#8230; \u00e0 Broze (81)"},"content":{"rendered":"<p style=\"text-align: justify;\">Le Mus\u00e9e inVINcible VIGNEron et la Compagnie de Pierre Lamoureux \u00e0 Bruniquel vous proposent un week-end autour du vin les <strong>Samedi 1er et Dimanche 2 Octobre 2016<\/strong>. <!--more--><\/p>\n<p style=\"text-align: justify;\">Week-end consacr\u00e9 \u00e0 L&rsquo;ELOGE DU VIN autour de la th\u00e9matique de la vigne et du vin et des produits associ\u00e9s dans le Mus\u00e9e inVINcible VIGNEron, une des plus grandes collections d&rsquo;outils consacr\u00e9s \u00e0 la vigne &#8230; illustr\u00e9 par deux spectacles de la Compagnie Pierre Lamoureux : L&rsquo;Eloge du Vin et la Conf\u00e9rence des Oiseaux &#8230;<\/p>\n<figure id=\"attachment_15216\" aria-describedby=\"caption-attachment-15216\" style=\"width: 551px\" class=\"wp-caption aligncenter\"><a href=\"https:\/\/i0.wp.com\/www.o-p-i.fr\/7alire\/wp-content\/uploads\/elogeduvin.jpg?ssl=1\"><img data-recalc-dims=\"1\" loading=\"lazy\" decoding=\"async\" class=\"size-full wp-image-15216\" src=\"https:\/\/i0.wp.com\/www.o-p-i.fr\/7alire\/wp-content\/uploads\/elogeduvin.jpg?resize=551%2C767&#038;ssl=1\" alt=\"Eloge du Vin\" width=\"551\" height=\"767\" \/><\/a><figcaption id=\"caption-attachment-15216\" class=\"wp-caption-text\">Eloge du Vin<\/figcaption><\/figure>\n<p style=\"text-align: justify;\"><strong>Contact :<\/strong> Mus\u00e9e Conservatoire inVINcible VIGNEron<br \/>\nTres Cantous<br \/>\n81600 BROZE<br \/>\nT\u00e9l. : 05 81 02 44 89<br \/>\nR\u00e9servation : 06 46 58 04 66<\/p>\n<p style=\"text-align: justify;\"><em>Communiqu\u00e9 par Ariane LELAY<\/em><\/p>\n","protected":false},"excerpt":{"rendered":"<div class=\"mh-excerpt\">Le Mus\u00e9e inVINcible VIGNEron et la Compagnie de Pierre Lamoureux \u00e0 Bruniquel vous proposent un week-end autour du vin les Samedi 1er et Dimanche 2 Octobre 2016.<\/div>\n","protected":false},"author":2,"featured_media":0,"comment_status":"open","ping_status":"open","sticky":false,"template":"","format":"standard","meta":{"om_disable_all_campaigns":false,"advanced_seo_description":"","jetpack_seo_html_title":"","jetpack_seo_noindex":false,"_jetpack_memberships_contains_paid_content":false,"footnotes":"","_links_to":"","_links_to_target":""},"categories":[51,1,54,2517],"tags":[132,330,506,513,566,896,2368],"class_list":{"0":"post-30677","1":"post","2":"type-post","3":"status-publish","4":"format-standard","6":"category-artisanat","7":"category-culture","8":"category-loisirs","9":"category-n-127-octobre-2016","10":"tag-spectacle","11":"tag-rencontre","12":"tag-musee","13":"tag-vin","14":"tag-vigne","15":"tag-visite","16":"tag-broze"},"jetpack_featured_media_url":"","views":{"total":0,"cached_at":"","cached_date":1738520317},"jetpack_likes_enabled":true,"jetpack_sharing_enabled":true,"jetpack_shortlink":"https:\/\/wp.me\/pg7Wxj-7YN","jetpack-related-posts":[],"_links":{"self":[{"href":"https:\/\/www.o-p-i.fr\/parlonsen\/wp-json\/wp\/v2\/posts\/30677","targetHints":{"allow":["GET"]}}],"collection":[{"href":"https:\/\/www.o-p-i.fr\/parlonsen\/wp-json\/wp\/v2\/posts"}],"about":[{"href":"https:\/\/www.o-p-i.fr\/parlonsen\/wp-json\/wp\/v2\/types\/post"}],"author":[{"embeddable":true,"href":"https:\/\/www.o-p-i.fr\/parlonsen\/wp-json\/wp\/v2\/users\/2"}],"replies":[{"embeddable":true,"href":"https:\/\/www.o-p-i.fr\/parlonsen\/wp-json\/wp\/v2\/comments?post=30677"}],"version-history":[{"count":0,"href":"https:\/\/www.o-p-i.fr\/parlonsen\/wp-json\/wp\/v2\/posts\/30677\/revisions"}],"wp:attachment":[{"href":"https:\/\/www.o-p-i.fr\/parlonsen\/wp-json\/wp\/v2\/media?parent=30677"}],"wp:term":[{"taxonomy":"category","embeddable":true,"href":"https:\/\/www.o-p-i.fr\/parlonsen\/wp-json\/wp\/v2\/categories?post=30677"},{"taxonomy":"post_tag","embeddable":true,"href":"https:\/\/www.o-p-i.fr\/parlonsen\/wp-json\/wp\/v2\/tags?post=30677"}],"curies":[{"name":"wp","href":"https:\/\/api.w.org\/{rel}","templated":true}]}}