{"id":30698,"date":"2016-09-22T14:30:37","date_gmt":"2016-09-22T13:30:37","guid":{"rendered":"\/parlonsen\/?p=30698"},"modified":"2016-09-22T14:30:37","modified_gmt":"2016-09-22T13:30:37","slug":"reprise-des-thes-dansant-a-leojac-82","status":"publish","type":"post","link":"https:\/\/www.o-p-i.fr\/parlonsen\/localisation\/au-pays-des-tescous\/leojac\/reprise-des-thes-dansant-a-leojac-82\/","title":{"rendered":"Reprise des th\u00e9s dansant &#8230; \u00e0 L\u00e9ojac (82)"},"content":{"rendered":"<p>L&rsquo;association des A\u00een\u00e9s de L\u00e9ojac organise son 1er th\u00e9 dansant le <strong>Dimanche 25 Septembre 2016<\/strong>, \u00e0 partir de 14 heures \u00e0 la salle des f\u00eates. <!--more--><\/p>\n<figure id=\"attachment_11167\" aria-describedby=\"caption-attachment-11167\" style=\"width: 300px\" class=\"wp-caption alignright\"><a href=\"https:\/\/i0.wp.com\/www.o-p-i.fr\/parlonsen\/wp-content\/uploads\/the-dansant_leojac1.jpg?ssl=1\"><img data-recalc-dims=\"1\" loading=\"lazy\" decoding=\"async\" class=\"size-medium wp-image-11167\" src=\"https:\/\/i0.wp.com\/www.o-p-i.fr\/parlonsen\/wp-content\/uploads\/the-dansant_leojac1.jpg?resize=300%2C193&#038;ssl=1\" alt=\"L\u00e9ojac (82)\" width=\"300\" height=\"193\" srcset=\"https:\/\/i0.wp.com\/www.o-p-i.fr\/parlonsen\/wp-content\/uploads\/the-dansant_leojac1.jpg?resize=300%2C193&amp;ssl=1 300w, https:\/\/i0.wp.com\/www.o-p-i.fr\/parlonsen\/wp-content\/uploads\/the-dansant_leojac1.jpg?w=400&amp;ssl=1 400w\" sizes=\"auto, (max-width: 300px) 100vw, 300px\" \/><\/a><figcaption id=\"caption-attachment-11167\" class=\"wp-caption-text\">L\u00e9ojac (82)<\/figcaption><\/figure>\n<p>L&rsquo;animation sera assur\u00e9e par l&rsquo;orchestre Michel BONNEFOUS, ambiance assur\u00e9e comme de coutume, le meilleur accueil vous sera r\u00e9serv\u00e9.<\/p>\n<p>Boissons et p\u00e2tisseries servies \u00e0 partir de 16h.<\/p>\n<p>Venez nombreux passer une excellente apr\u00e8s-midi.<\/p>\n<p>A partir du mois d&rsquo;octobre, les th\u00e9s dansant se feront \u00e0 nouveau le jeudi apr\u00e8s-midi.<\/p>\n<p><strong>Contact : <\/strong>Les A\u00een\u00e9s de L\u00e9ojac<br \/>\nT\u00e9l. : 05.63.63.56.70 ou 05.63.03.11.90<\/p>\n<p><em>Communiqu\u00e9 par Robert LINAS<\/em><\/p>\n","protected":false},"excerpt":{"rendered":"<div class=\"mh-excerpt\">L&rsquo;association des A\u00een\u00e9s de L\u00e9ojac organise son 1er th\u00e9 dansant le Dimanche 25 Septembre 2016, \u00e0 partir de 14 heures \u00e0 la salle des f\u00eates.<\/div>\n","protected":false},"author":2,"featured_media":0,"comment_status":"open","ping_status":"open","sticky":false,"template":"","format":"standard","meta":{"om_disable_all_campaigns":false,"advanced_seo_description":"","jetpack_seo_html_title":"","jetpack_seo_noindex":false,"_jetpack_memberships_contains_paid_content":false,"footnotes":"","_links_to":"","_links_to_target":""},"categories":[30,54,648,2516,2517,2518,2519],"tags":[2553,80,82,84],"class_list":{"0":"post-30698","1":"post","2":"type-post","3":"status-publish","4":"format-standard","6":"category-leojac","7":"category-loisirs","8":"category-cest-la-rentree","9":"category-n-126-septembre-2016","10":"category-n-127-octobre-2016","11":"category-n-128-novembre-2016","12":"category-n-129-decembre-2016","13":"tag-leojac","14":"tag-the-dansant","15":"tag-aines","16":"tag-danse"},"jetpack_featured_media_url":"","views":{"total":0,"cached_at":"","cached_date":1738527521},"jetpack_likes_enabled":true,"jetpack_sharing_enabled":true,"jetpack_shortlink":"https:\/\/wp.me\/pg7Wxj-7Z8","jetpack-related-posts":[],"_links":{"self":[{"href":"https:\/\/www.o-p-i.fr\/parlonsen\/wp-json\/wp\/v2\/posts\/30698","targetHints":{"allow":["GET"]}}],"collection":[{"href":"https:\/\/www.o-p-i.fr\/parlonsen\/wp-json\/wp\/v2\/posts"}],"about":[{"href":"https:\/\/www.o-p-i.fr\/parlonsen\/wp-json\/wp\/v2\/types\/post"}],"author":[{"embeddable":true,"href":"https:\/\/www.o-p-i.fr\/parlonsen\/wp-json\/wp\/v2\/users\/2"}],"replies":[{"embeddable":true,"href":"https:\/\/www.o-p-i.fr\/parlonsen\/wp-json\/wp\/v2\/comments?post=30698"}],"version-history":[{"count":0,"href":"https:\/\/www.o-p-i.fr\/parlonsen\/wp-json\/wp\/v2\/posts\/30698\/revisions"}],"wp:attachment":[{"href":"https:\/\/www.o-p-i.fr\/parlonsen\/wp-json\/wp\/v2\/media?parent=30698"}],"wp:term":[{"taxonomy":"category","embeddable":true,"href":"https:\/\/www.o-p-i.fr\/parlonsen\/wp-json\/wp\/v2\/categories?post=30698"},{"taxonomy":"post_tag","embeddable":true,"href":"https:\/\/www.o-p-i.fr\/parlonsen\/wp-json\/wp\/v2\/tags?post=30698"}],"curies":[{"name":"wp","href":"https:\/\/api.w.org\/{rel}","templated":true}]}}