{"id":30729,"date":"2016-09-26T21:38:40","date_gmt":"2016-09-26T20:38:40","guid":{"rendered":"\/parlonsen\/?p=30729"},"modified":"2016-10-03T18:20:21","modified_gmt":"2016-10-03T17:20:21","slug":"journee-nationale-de-la-marche-nordique-a-villemur-sur-tarn-31","status":"publish","type":"post","link":"https:\/\/www.o-p-i.fr\/parlonsen\/localisation\/a-cote-de-chez-nous\/journee-nationale-de-la-marche-nordique-a-villemur-sur-tarn-31\/","title":{"rendered":"Journ\u00e9e Nationale de la Marche Nordique &#8230; \u00e0 Villemur-sur-Tarn (31)"},"content":{"rendered":"<p>Le club d&rsquo;athl\u00e9tisme section marche nordique animera \u00e0 Villemur-sur-Tarn la Journ\u00e9e Nationale de la Marche Nordique du <strong>Samedi 1er Octobre 2016 <\/strong>propos\u00e9e par la F\u00e9d\u00e9ration Nationale d&rsquo;Athl\u00e9tisme. <span style=\"color: #ff0000;\"><strong>ANNUL\u00c9 !!!<\/strong> <\/span><!--more--><\/p>\n<figure id=\"attachment_30734\" aria-describedby=\"caption-attachment-30734\" style=\"width: 202px\" class=\"wp-caption alignright\"><a href=\"https:\/\/i0.wp.com\/www.o-p-i.fr\/parlonsen\/wp-content\/uploads\/marche-nordique_villemur.jpg?ssl=1\"><img data-recalc-dims=\"1\" loading=\"lazy\" decoding=\"async\" class=\"size-medium wp-image-30734\" src=\"https:\/\/i0.wp.com\/www.o-p-i.fr\/parlonsen\/wp-content\/uploads\/marche-nordique_villemur.jpg?resize=202%2C300&#038;ssl=1\" alt=\"Journ\u00e9e Nationale de la Marche Nordique ... \u00e0 Villemur-sur-Tarn (31)\" width=\"202\" height=\"300\" srcset=\"https:\/\/i0.wp.com\/www.o-p-i.fr\/parlonsen\/wp-content\/uploads\/marche-nordique_villemur.jpg?resize=202%2C300&amp;ssl=1 202w, https:\/\/i0.wp.com\/www.o-p-i.fr\/parlonsen\/wp-content\/uploads\/marche-nordique_villemur.jpg?resize=101%2C150&amp;ssl=1 101w, https:\/\/i0.wp.com\/www.o-p-i.fr\/parlonsen\/wp-content\/uploads\/marche-nordique_villemur.jpg?resize=400%2C593&amp;ssl=1 400w, https:\/\/i0.wp.com\/www.o-p-i.fr\/parlonsen\/wp-content\/uploads\/marche-nordique_villemur.jpg?w=521&amp;ssl=1 521w\" sizes=\"auto, (max-width: 202px) 100vw, 202px\" \/><\/a><figcaption id=\"caption-attachment-30734\" class=\"wp-caption-text\">Journ\u00e9e Nationale de la Marche Nordique &#8230; \u00e0 Villemur-sur-Tarn (31)<\/figcaption><\/figure>\n<p>La journ\u00e9e se d\u00e9roulera ainsi :<\/p>\n<p>&#8211; D\u00e9part \u00e0 9h, au pied de la Tour de la D\u00e9fense \u00e0 Villemur-sur-Tarn : marche de 5 km sur les coteaux avec de beaux panoramas sur le centre historique de la ville.<br \/>\nMarche ouverte \u00e0 tous les initi\u00e9s marche nordique, adh\u00e9rents ou non de l&rsquo;association.<\/p>\n<p>&#8211; Entre 15h et 18h, au pied de la Tour de la D\u00e9fense \u00e0 Villemur-sur-Tarn : s\u00e9ances d&rsquo;initiation-d\u00e9couverte de l&rsquo;activit\u00e9 avec pr\u00eats de b\u00e2tons, toutes les heures.<br \/>\nS\u00e9ances ouvertes aux non-initi\u00e9s.<\/p>\n<p>Ces activit\u00e9s sont gratuites pour tous.<\/p>\n<p><strong> Pour y aller : <\/strong><br \/>\n<a href=\"https:\/\/goo.gl\/maps\/uJvcGAprCQq\">Tour de la D\u00e9fense<\/a><br \/>\n<a href=\"https:\/\/goo.gl\/maps\/uJvcGAprCQq\"> 31340 Villemur-sur-Tarn<\/a><\/p>\n<p><strong>Tarifs :<\/strong><br \/>\nGratuit<\/p>\n<p><strong>Contact :<\/strong> Club d&rsquo;Athl\u00e9tisme &#8211; section marche nordique<br \/>\nCourriel : <a href=\"mailto:mnordiquevillemur@free.fr\">mnordiquevillemur@free.fr<\/a><\/p>\n<p><em>Information communiqu\u00e9e par Florence JEAN, charg\u00e9e officielle de la promotion de cette manifestation. <\/em><\/p>\n<p><span style=\"border-radius: 2px; text-indent: 20px; width: auto; padding: 0px 4px 0px 0px; text-align: center; font: bold 11px\/20px 'Helvetica Neue',Helvetica,sans-serif; color: #ffffff; background: #bd081c  no-repeat scroll 3px 50% \/ 14px 14px; position: absolute; opacity: 1; z-index: 8675309; display: none; cursor: pointer; top: 139px; left: 867px;\">Enregistrer<\/span><\/p>\n","protected":false},"excerpt":{"rendered":"<div class=\"mh-excerpt\">Le club d&rsquo;athl\u00e9tisme section marche nordique animera \u00e0 Villemur-sur-Tarn la Journ\u00e9e Nationale de la Marche Nordique du Samedi 1er Octobre 2016 propos\u00e9e par la F\u00e9d\u00e9ration Nationale d&rsquo;Athl\u00e9tisme. ANNUL\u00c9 !!!<\/div>\n","protected":false},"author":2,"featured_media":0,"comment_status":"open","ping_status":"open","sticky":false,"template":"","format":"standard","meta":{"om_disable_all_campaigns":false,"advanced_seo_description":"","jetpack_seo_html_title":"","jetpack_seo_noindex":false,"_jetpack_memberships_contains_paid_content":false,"footnotes":"","_links_to":"","_links_to_target":""},"categories":[42,54,53,2517],"tags":[166,450,2617],"class_list":{"0":"post-30729","1":"post","2":"type-post","3":"status-publish","4":"format-standard","6":"category-a-cote-de-chez-nous","7":"category-loisirs","8":"category-sports","9":"category-n-127-octobre-2016","10":"tag-randonnee","11":"tag-villemur-sur-tarn","12":"tag-marche-nordique"},"jetpack_featured_media_url":"","views":{"total":0,"cached_at":"","cached_date":1738510664},"jetpack_likes_enabled":true,"jetpack_sharing_enabled":true,"jetpack_shortlink":"https:\/\/wp.me\/pg7Wxj-7ZD","jetpack-related-posts":[],"_links":{"self":[{"href":"https:\/\/www.o-p-i.fr\/parlonsen\/wp-json\/wp\/v2\/posts\/30729","targetHints":{"allow":["GET"]}}],"collection":[{"href":"https:\/\/www.o-p-i.fr\/parlonsen\/wp-json\/wp\/v2\/posts"}],"about":[{"href":"https:\/\/www.o-p-i.fr\/parlonsen\/wp-json\/wp\/v2\/types\/post"}],"author":[{"embeddable":true,"href":"https:\/\/www.o-p-i.fr\/parlonsen\/wp-json\/wp\/v2\/users\/2"}],"replies":[{"embeddable":true,"href":"https:\/\/www.o-p-i.fr\/parlonsen\/wp-json\/wp\/v2\/comments?post=30729"}],"version-history":[{"count":0,"href":"https:\/\/www.o-p-i.fr\/parlonsen\/wp-json\/wp\/v2\/posts\/30729\/revisions"}],"wp:attachment":[{"href":"https:\/\/www.o-p-i.fr\/parlonsen\/wp-json\/wp\/v2\/media?parent=30729"}],"wp:term":[{"taxonomy":"category","embeddable":true,"href":"https:\/\/www.o-p-i.fr\/parlonsen\/wp-json\/wp\/v2\/categories?post=30729"},{"taxonomy":"post_tag","embeddable":true,"href":"https:\/\/www.o-p-i.fr\/parlonsen\/wp-json\/wp\/v2\/tags?post=30729"}],"curies":[{"name":"wp","href":"https:\/\/api.w.org\/{rel}","templated":true}]}}