{"id":30738,"date":"2016-09-28T07:47:00","date_gmt":"2016-09-28T06:47:00","guid":{"rendered":"\/parlonsen\/?p=30738"},"modified":"2016-09-26T21:56:02","modified_gmt":"2016-09-26T20:56:02","slug":"the-dansant-a-vaissac-82-7","status":"publish","type":"post","link":"https:\/\/www.o-p-i.fr\/parlonsen\/localisation\/a-cote-de-chez-nous\/the-dansant-a-vaissac-82-7\/","title":{"rendered":"Th\u00e9 dansant &#8230; \u00e0 Va\u00efssac (82)"},"content":{"rendered":"<p>Le comit\u00e9 des f\u00eates organise le premier th\u00e9 dansant de la saison 2016-2017 \u00e0 la salle des f\u00eates, le <strong>Dimanche 9 Octobre 2016<\/strong>, de 14h30 \u00e0 19h.<!--more--><\/p>\n<figure id=\"attachment_28233\" aria-describedby=\"caption-attachment-28233\" style=\"width: 199px\" class=\"wp-caption alignright\"><a href=\"https:\/\/i0.wp.com\/www.o-p-i.fr\/parlonsen\/wp-content\/uploads\/sebastiencastagne.jpg?ssl=1\"><img data-recalc-dims=\"1\" loading=\"lazy\" decoding=\"async\" class=\"size-medium wp-image-28233\" src=\"https:\/\/i0.wp.com\/www.o-p-i.fr\/parlonsen\/wp-content\/uploads\/sebastiencastagne.jpg?resize=199%2C300&#038;ssl=1\" alt=\"S\u00e9bastien Castagn\u00e9\" width=\"199\" height=\"300\" srcset=\"https:\/\/i0.wp.com\/www.o-p-i.fr\/parlonsen\/wp-content\/uploads\/sebastiencastagne.jpg?resize=199%2C300&amp;ssl=1 199w, https:\/\/i0.wp.com\/www.o-p-i.fr\/parlonsen\/wp-content\/uploads\/sebastiencastagne.jpg?resize=100%2C150&amp;ssl=1 100w, https:\/\/i0.wp.com\/www.o-p-i.fr\/parlonsen\/wp-content\/uploads\/sebastiencastagne.jpg?resize=400%2C602&amp;ssl=1 400w, https:\/\/i0.wp.com\/www.o-p-i.fr\/parlonsen\/wp-content\/uploads\/sebastiencastagne.jpg?w=638&amp;ssl=1 638w\" sizes=\"auto, (max-width: 199px) 100vw, 199px\" \/><\/a><figcaption id=\"caption-attachment-28233\" class=\"wp-caption-text\">S\u00e9bastien Castagn\u00e9<\/figcaption><\/figure>\n<p>Th\u00e9 dansant anim\u00e9 par l&rsquo;orchestre de S\u00e9bastien Castagn\u00e9.<br \/>\nAmateurs du musette venez nombreux passer un agr\u00e9able apr\u00e8s-midi sur des airs d&rsquo;accord\u00e9on dans la joie et la bonne humeur, le meilleur accueil<br \/>\nvous est r\u00e9serv\u00e9.<br \/>\nA la pause, p\u00e2tisseries, rafraichissements et caf\u00e9 sont offerts.<\/p>\n<p><strong>Tarifs : <\/strong><br \/>\nEntr\u00e9e : 8\u20ac50<\/p>\n<p><strong>Contact :<\/strong> <a href=\"https:\/\/www.o-p-i.fr\/aupays\/annuaire\/loisirs\/comite-des-fetes-de-vaissac\/\" rel=\"bookmark\">Comit\u00e9 des F\u00eates de Va\u00efssac<br \/>\n<\/a>T\u00e9l. : 05 63 30 82 14<\/p>\n<p><em>Communiqu\u00e9 par Jean-Jacques BETTEGA<\/em><\/p>\n","protected":false},"excerpt":{"rendered":"<div class=\"mh-excerpt\">Le comit\u00e9 des f\u00eates organise le premier th\u00e9 dansant de la saison 2016-2017 \u00e0 la salle des f\u00eates, le Dimanche 9 Octobre 2016, de 14h30 \u00e0 19h.<\/div>\n","protected":false},"author":2,"featured_media":0,"comment_status":"open","ping_status":"open","sticky":false,"template":"","format":"standard","meta":{"om_disable_all_campaigns":false,"advanced_seo_description":"","jetpack_seo_html_title":"","jetpack_seo_noindex":false,"_jetpack_memberships_contains_paid_content":false,"footnotes":"","_links_to":"","_links_to_target":""},"categories":[42,54,2517],"tags":[80,82,84,315],"class_list":{"0":"post-30738","1":"post","2":"type-post","3":"status-publish","4":"format-standard","6":"category-a-cote-de-chez-nous","7":"category-loisirs","8":"category-n-127-octobre-2016","9":"tag-the-dansant","10":"tag-aines","11":"tag-danse","12":"tag-vaissac"},"jetpack_featured_media_url":"","views":{"total":0,"cached_at":"","cached_date":1738510708},"jetpack_likes_enabled":true,"jetpack_sharing_enabled":true,"jetpack_shortlink":"https:\/\/wp.me\/pg7Wxj-7ZM","jetpack-related-posts":[],"_links":{"self":[{"href":"https:\/\/www.o-p-i.fr\/parlonsen\/wp-json\/wp\/v2\/posts\/30738","targetHints":{"allow":["GET"]}}],"collection":[{"href":"https:\/\/www.o-p-i.fr\/parlonsen\/wp-json\/wp\/v2\/posts"}],"about":[{"href":"https:\/\/www.o-p-i.fr\/parlonsen\/wp-json\/wp\/v2\/types\/post"}],"author":[{"embeddable":true,"href":"https:\/\/www.o-p-i.fr\/parlonsen\/wp-json\/wp\/v2\/users\/2"}],"replies":[{"embeddable":true,"href":"https:\/\/www.o-p-i.fr\/parlonsen\/wp-json\/wp\/v2\/comments?post=30738"}],"version-history":[{"count":0,"href":"https:\/\/www.o-p-i.fr\/parlonsen\/wp-json\/wp\/v2\/posts\/30738\/revisions"}],"wp:attachment":[{"href":"https:\/\/www.o-p-i.fr\/parlonsen\/wp-json\/wp\/v2\/media?parent=30738"}],"wp:term":[{"taxonomy":"category","embeddable":true,"href":"https:\/\/www.o-p-i.fr\/parlonsen\/wp-json\/wp\/v2\/categories?post=30738"},{"taxonomy":"post_tag","embeddable":true,"href":"https:\/\/www.o-p-i.fr\/parlonsen\/wp-json\/wp\/v2\/tags?post=30738"}],"curies":[{"name":"wp","href":"https:\/\/api.w.org\/{rel}","templated":true}]}}