{"id":30755,"date":"2016-09-27T17:18:55","date_gmt":"2016-09-27T16:18:55","guid":{"rendered":"\/parlonsen\/?p=30755"},"modified":"2025-11-12T00:41:02","modified_gmt":"2025-11-11T23:41:02","slug":"festival-de-theatre-a-bioule-82","status":"publish","type":"post","link":"https:\/\/www.o-p-i.fr\/parlonsen\/parlons-en\/culture\/festival-de-theatre-a-bioule-82\/","title":{"rendered":"Festival de Th\u00e9\u00e2tre &#8230; \u00e0 Bioule (82)"},"content":{"rendered":"<p>Pour le XXVII\u00e8me festival de th\u00e9\u00e2tre Andr\u00e9 Gadouais, \u00ab les amis du ch\u00e2teau \u00bb proposent 2 soir\u00e9es le<strong> Vendredi 7\u00a0<\/strong> et le<strong> Samedi 8 Octobre 2016<\/strong> \u00e0 la salle des f\u00eates de Bioule. <!--more--><\/p>\n<figure id=\"attachment_30756\" aria-describedby=\"caption-attachment-30756\" style=\"width: 212px\" class=\"wp-caption alignright\"><a href=\"https:\/\/i0.wp.com\/www.o-p-i.fr\/parlonsen\/wp-content\/uploads\/theatre-gadouais_bioule.jpg?ssl=1\"><img data-recalc-dims=\"1\" loading=\"lazy\" decoding=\"async\" class=\"size-medium wp-image-30756\" src=\"https:\/\/i0.wp.com\/www.o-p-i.fr\/parlonsen\/wp-content\/uploads\/theatre-gadouais_bioule.jpg?resize=212%2C300&#038;ssl=1\" alt=\"Festival de Th\u00e9\u00e2tre ... \u00e0 Bioule (82)\" width=\"212\" height=\"300\" srcset=\"https:\/\/i0.wp.com\/www.o-p-i.fr\/parlonsen\/wp-content\/uploads\/theatre-gadouais_bioule.jpg?resize=212%2C300&amp;ssl=1 212w, https:\/\/i0.wp.com\/www.o-p-i.fr\/parlonsen\/wp-content\/uploads\/theatre-gadouais_bioule.jpg?resize=768%2C1086&amp;ssl=1 768w, https:\/\/i0.wp.com\/www.o-p-i.fr\/parlonsen\/wp-content\/uploads\/theatre-gadouais_bioule.jpg?resize=724%2C1024&amp;ssl=1 724w, https:\/\/i0.wp.com\/www.o-p-i.fr\/parlonsen\/wp-content\/uploads\/theatre-gadouais_bioule.jpg?resize=106%2C150&amp;ssl=1 106w, https:\/\/i0.wp.com\/www.o-p-i.fr\/parlonsen\/wp-content\/uploads\/theatre-gadouais_bioule.jpg?resize=400%2C566&amp;ssl=1 400w, https:\/\/i0.wp.com\/www.o-p-i.fr\/parlonsen\/wp-content\/uploads\/theatre-gadouais_bioule.jpg?w=800&amp;ssl=1 800w\" sizes=\"auto, (max-width: 212px) 100vw, 212px\" \/><\/a><figcaption id=\"caption-attachment-30756\" class=\"wp-caption-text\">Festival de Th\u00e9\u00e2tre &#8230; \u00e0 Bioule (82)<\/figcaption><\/figure>\n<p style=\"text-align: justify;\"><strong> Vendredi 7 octobre \u00e0 21h :<\/strong> <strong>\u00ab 12 \u00e2mes en col\u00e8re \u00bb<\/strong> d\u2019apr\u00e8s l\u2019\u0153uvre originale Twelve Angry Men (douze hommes en col\u00e8re) de l\u2019\u00e9crivain et sc\u00e9nariste am\u00e9ricain Reginald Rose (1920 \u2013 2002) par la compagnie th\u00e9\u00e2trale \u00ab Ombres et couleurs \u00bb mise en sc\u00e8ne Nathalie Reynaud. C&rsquo;est un huis-clos de 12 personnes, 12 jur\u00e9s qui vont d\u00e9cider de la culpabilit\u00e9, ou non, d&rsquo;un jeune homme de la banlieue suspect\u00e9 d&rsquo;avoir tu\u00e9 son p\u00e8re.<br \/>\nAu fil des discussions apparaissent des pr\u00e9jug\u00e9s qui vont fausser les d\u00e9bats pendant un temps, puis apr\u00e8s une \u00e9tude minutieuse de tous les \u00e9l\u00e9ments de l&rsquo;enqu\u00eate, les esprits trouveront un terrain d&rsquo;entente.<\/p>\n<p><strong>Samedi 8 octobre \u00e0 21h :<\/strong> <strong>\u00ab Bio un jour&#8230; Bio toujours \u00bb<\/strong> Cr\u00e9ation , par \u00ab la Luciole \u00bb de Bioule.<br \/>\nQui n&rsquo;a pas c\u00f4toy\u00e9 des amis qui ne parlent et ne vivent que par le bio ?<br \/>\nDepuis le tri des poubelles, la maison enti\u00e8rement bio qui ne consomme pas l&rsquo;eau de la ville,les toilettes s\u00e8ches, le jardin bio&#8230; Chacun pourra reconna\u00eetre une conversation ou un \u00e9pisode v\u00e9cu.<\/p>\n<p>Apr\u00e8s un court entracte \u00ab\u00a0Showbiz&rsquo;art\u00a0\u00bb par la Luciole et Midi-Quercy-Com\u00e9die<br \/>\nUne question est pos\u00e9e : A quoi \u00e7a sert l&rsquo;art ? Les disciplines artistiques sont d\u00e9cortiqu\u00e9es et analys\u00e9es pour essayer de r\u00e9pondre \u00e0 cette question.<br \/>\nLe tout est mis en sc\u00e8ne par Marie-France M\u00e9nac.<\/p>\n<p><strong> Tarifs :<\/strong><br \/>\n1 Soir\u00e9e : 7\u20ac<br \/>\n2 Soir\u00e9es : 10\u20ac<\/p>\n<p><strong>Contact :<\/strong><br \/>\nT\u00e9l. : 05 63 30 96 93 ou 06 74 58 05 65<\/p>\n<p><em>Communiqu\u00e9 par V\u00e9ronique FRESQUET<\/em><\/p>\n<p><span style=\"border-radius: 2px; text-indent: 20px; width: auto; padding: 0px 4px 0px 0px; text-align: center; font: bold 11px\/20px 'Helvetica Neue',Helvetica,sans-serif; color: #ffffff; background: #bd081c no-repeat scroll 3px 50% \/ 14px 14px; position: absolute; opacity: 1; z-index: 8675309; display: none; cursor: pointer; top: 139px; left: 857px;\">Enregistrer<\/span><\/p>\n<p><span style=\"border-radius: 2px; text-indent: 20px; width: auto; padding: 0px 4px 0px 0px; text-align: center; font: bold 11px\/20px 'Helvetica Neue',Helvetica,sans-serif; color: #ffffff; background: #bd081c  no-repeat scroll 3px 50% \/ 14px 14px; position: absolute; opacity: 1; z-index: 8675309; display: none; cursor: pointer;\">Enregistrer<\/span><\/p>\n","protected":false},"excerpt":{"rendered":"<div class=\"mh-excerpt\">Pour le XXVII\u00e8me festival de th\u00e9\u00e2tre Andr\u00e9 Gadouais, \u00ab les amis du ch\u00e2teau \u00bb proposent 2 soir\u00e9es le Vendredi 7\u00a0 et le Samedi 8 Octobre 2016 \u00e0 la salle des f\u00eates de Bioule.<\/div>\n","protected":false},"author":2,"featured_media":0,"comment_status":"open","ping_status":"open","sticky":false,"template":"","format":"standard","meta":{"om_disable_all_campaigns":false,"advanced_seo_description":"","jetpack_seo_html_title":"","jetpack_seo_noindex":false,"_jetpack_memberships_contains_paid_content":false,"footnotes":"","_links_to":"","_links_to_target":""},"categories":[40,1,54,2517],"tags":[57,132,677],"class_list":{"0":"post-30755","1":"post","2":"type-post","3":"status-publish","4":"format-standard","6":"category-bioule","7":"category-culture","8":"category-loisirs","9":"category-n-127-octobre-2016","10":"tag-theatre","11":"tag-spectacle","12":"tag-festival"},"jetpack_featured_media_url":"","views":{"total":0,"cached_at":"","cached_date":1738510694},"jetpack_likes_enabled":true,"jetpack_sharing_enabled":true,"jetpack_shortlink":"https:\/\/wp.me\/pg7Wxj-803","jetpack-related-posts":[],"_links":{"self":[{"href":"https:\/\/www.o-p-i.fr\/parlonsen\/wp-json\/wp\/v2\/posts\/30755","targetHints":{"allow":["GET"]}}],"collection":[{"href":"https:\/\/www.o-p-i.fr\/parlonsen\/wp-json\/wp\/v2\/posts"}],"about":[{"href":"https:\/\/www.o-p-i.fr\/parlonsen\/wp-json\/wp\/v2\/types\/post"}],"author":[{"embeddable":true,"href":"https:\/\/www.o-p-i.fr\/parlonsen\/wp-json\/wp\/v2\/users\/2"}],"replies":[{"embeddable":true,"href":"https:\/\/www.o-p-i.fr\/parlonsen\/wp-json\/wp\/v2\/comments?post=30755"}],"version-history":[{"count":1,"href":"https:\/\/www.o-p-i.fr\/parlonsen\/wp-json\/wp\/v2\/posts\/30755\/revisions"}],"predecessor-version":[{"id":67527,"href":"https:\/\/www.o-p-i.fr\/parlonsen\/wp-json\/wp\/v2\/posts\/30755\/revisions\/67527"}],"wp:attachment":[{"href":"https:\/\/www.o-p-i.fr\/parlonsen\/wp-json\/wp\/v2\/media?parent=30755"}],"wp:term":[{"taxonomy":"category","embeddable":true,"href":"https:\/\/www.o-p-i.fr\/parlonsen\/wp-json\/wp\/v2\/categories?post=30755"},{"taxonomy":"post_tag","embeddable":true,"href":"https:\/\/www.o-p-i.fr\/parlonsen\/wp-json\/wp\/v2\/tags?post=30755"}],"curies":[{"name":"wp","href":"https:\/\/api.w.org\/{rel}","templated":true}]}}