{"id":30775,"date":"2016-09-29T07:19:24","date_gmt":"2016-09-29T06:19:24","guid":{"rendered":"\/parlonsen\/?p=30775"},"modified":"2016-09-28T18:00:00","modified_gmt":"2016-09-28T17:00:00","slug":"1ere-foulee-a-villebrumier-82","status":"publish","type":"post","link":"https:\/\/www.o-p-i.fr\/parlonsen\/localisation\/au-pays-des-tescous\/villebrumier\/1ere-foulee-a-villebrumier-82\/","title":{"rendered":"1\u00e8re Foul\u00e9e &#8230; \u00e0 Villebrumier (82)"},"content":{"rendered":"<p>L&rsquo;Union Athl\u00e9tique Nohicoise vous invite \u00e0 la derni\u00e8re course du challenge 82 \u00ab\u00a0La D\u00e9p\u00eache du Midi\u00a0\u00bb le <strong>Dimanche 9 Octobre 2016<\/strong>.<!--more--><\/p>\n<figure id=\"attachment_30777\" aria-describedby=\"caption-attachment-30777\" style=\"width: 525px\" class=\"wp-caption alignright\"><a href=\"https:\/\/i0.wp.com\/www.o-p-i.fr\/parlonsen\/wp-content\/uploads\/fouleevillebrumier2016.jpg?ssl=1\"><img data-recalc-dims=\"1\" loading=\"lazy\" decoding=\"async\" class=\"wp-image-30777 size-full\" src=\"https:\/\/i0.wp.com\/www.o-p-i.fr\/parlonsen\/wp-content\/uploads\/fouleevillebrumier2016.jpg?resize=525%2C748&#038;ssl=1\" alt=\"1\u00e8re Foul\u00e9e ... \u00e0 Villebrumier (82)\" width=\"525\" height=\"748\" srcset=\"https:\/\/i0.wp.com\/www.o-p-i.fr\/parlonsen\/wp-content\/uploads\/fouleevillebrumier2016.jpg?w=525&amp;ssl=1 525w, https:\/\/i0.wp.com\/www.o-p-i.fr\/parlonsen\/wp-content\/uploads\/fouleevillebrumier2016.jpg?resize=211%2C300&amp;ssl=1 211w, https:\/\/i0.wp.com\/www.o-p-i.fr\/parlonsen\/wp-content\/uploads\/fouleevillebrumier2016.jpg?resize=105%2C150&amp;ssl=1 105w, https:\/\/i0.wp.com\/www.o-p-i.fr\/parlonsen\/wp-content\/uploads\/fouleevillebrumier2016.jpg?resize=400%2C570&amp;ssl=1 400w\" sizes=\"auto, (max-width: 525px) 100vw, 525px\" \/><\/a><figcaption id=\"caption-attachment-30777\" class=\"wp-caption-text\">1\u00e8re Foul\u00e9e &#8230; \u00e0 Villebrumier (82)<\/figcaption><\/figure>\n<p><strong>D\u00e9part et arriv\u00e9e :<\/strong> Mairie de Villebrumier.<\/p>\n<p><strong>R\u00e9compenses :<\/strong><br \/>\nCoupes aux 3 premiers de chaque course enfant.<br \/>\nR\u00e9compenses pour les marcheurs et coureurs des 5 et 10 km.<br \/>\nTroph\u00e9e \u00e0 la meilleure \u00e9quipe f\u00e9minine et masculine sur le 10 km.<br \/>\nCoupes aux 3 premiers du 5 km M et F.<br \/>\nCoupes aux 3 premiers de chaque cat\u00e9gorie pour le 10 km (non cumulable).<\/p>\n<p><strong>Forfait Club\u00a0 :<\/strong> 120 \u20ac pour 15 coureurs et 5 \u20ac au-del\u00e0 du 15\u00e8me.<\/p>\n<p><strong>Dossards\u00a0 :<\/strong> A retirer le jour de la course.<\/p>\n<p><strong>Classements :<\/strong> individuel et par \u00e9quipe de 5 (masculin) et 3 (f\u00e9minine)<\/p>\n<p><strong>Inscription :<\/strong> Bulletin \u00e0 retourner avec les frais d\u2019inscriptions au plus tard le 6 octobre 2016 (Ch\u00e8que libell\u00e9 \u00e0 l\u2019ordre de U.A.N. NOHIC.)<br \/>\n<a href=\"https:\/\/www.o-p-i.fr\/parlonsen\/wp-content\/uploads\/fouleesvillebrumier.pdf\">T\u00e9l\u00e9charger le bulletin<\/a><\/p>\n<p>Pour les licenci\u00e9s FFA : pr\u00e9sentation de la licence<br \/>\nPour les non licenci\u00e9s FFA : Un certificat m\u00e9dical de non contre-indication \u00e0 la pratique de la course \u00e0 pied en comp\u00e9tition dat\u00e9 de moins d&rsquo;un an ou sa photocopie (art L231-2 et 231-3 du code des sports). Il incombe aux non licenci\u00e9s de s\u2019assurer personnellement.<\/p>\n<p><strong>Contact :<\/strong> Foul\u00e9e de Villebrumier<br \/>\nM. JUERY Jean-Jacques<br \/>\n545 route du Terme<br \/>\n82370 NOHIC<br \/>\nT\u00e9l. :\u00a0 06 19 51 73 66.<br \/>\nSite : <a href=\"http:\/\/www.nohic-athletique.fr\" target=\"_blank\">www.nohic-athletique.fr<\/a><\/p>\n<p><em>Communiqu\u00e9 par M. JUERY, Union Athl\u00e9tique Nohicoise<\/em><\/p>\n<p><span style=\"border-radius: 2px; text-indent: 20px; width: auto; padding: 0px 4px 0px 0px; text-align: center; font: bold 11px\/20px 'Helvetica Neue',Helvetica,sans-serif; color: #ffffff; background: #bd081c no-repeat scroll 3px 50% \/ 14px 14px; position: absolute; opacity: 1; z-index: 8675309; display: none; cursor: pointer; top: 115px; left: 544px;\">Enregistrer<\/span><\/p>\n<p><span style=\"border-radius: 2px; text-indent: 20px; width: auto; padding: 0px 4px 0px 0px; text-align: center; font: bold 11px\/20px 'Helvetica Neue',Helvetica,sans-serif; color: #ffffff; background: #bd081c no-repeat scroll 3px 50% \/ 14px 14px; position: absolute; opacity: 1; z-index: 8675309; display: none; cursor: pointer;\">Enregistrer<\/span><\/p>\n<p><span style=\"border-radius: 2px; text-indent: 20px; width: auto; padding: 0px 4px 0px 0px; text-align: center; font: bold 11px\/20px 'Helvetica Neue',Helvetica,sans-serif; color: #ffffff; background: #bd081c  no-repeat scroll 3px 50% \/ 14px 14px; position: absolute; opacity: 1; z-index: 8675309; display: none; cursor: pointer; top: 115px; left: 544px;\">Enregistrer<\/span><\/p>\n","protected":false},"excerpt":{"rendered":"<div class=\"mh-excerpt\">L&rsquo;Union Athl\u00e9tique Nohicoise vous invite \u00e0 la derni\u00e8re course du challenge 82 \u00ab\u00a0La D\u00e9p\u00eache du Midi\u00a0\u00bb le Dimanche 9 Octobre 2016.<\/div>\n","protected":false},"author":2,"featured_media":0,"comment_status":"open","ping_status":"open","sticky":false,"template":"","format":"standard","meta":{"om_disable_all_campaigns":false,"advanced_seo_description":"","jetpack_seo_html_title":"","jetpack_seo_noindex":false,"_jetpack_memberships_contains_paid_content":false,"footnotes":"","_links_to":"","_links_to_target":""},"categories":[54,53,19,2517],"tags":[38,2544,323,641,1841],"class_list":{"0":"post-30775","1":"post","2":"type-post","3":"status-publish","4":"format-standard","6":"category-loisirs","7":"category-sports","8":"category-villebrumier","9":"category-n-127-octobre-2016","10":"tag-sport","11":"tag-villebrumier","12":"tag-enfant","13":"tag-course","14":"tag-course-a-pied"},"jetpack_featured_media_url":"","views":{"total":0,"cached_at":"","cached_date":1738480692},"jetpack_likes_enabled":true,"jetpack_sharing_enabled":true,"jetpack_shortlink":"https:\/\/wp.me\/pg7Wxj-80n","jetpack-related-posts":[],"_links":{"self":[{"href":"https:\/\/www.o-p-i.fr\/parlonsen\/wp-json\/wp\/v2\/posts\/30775","targetHints":{"allow":["GET"]}}],"collection":[{"href":"https:\/\/www.o-p-i.fr\/parlonsen\/wp-json\/wp\/v2\/posts"}],"about":[{"href":"https:\/\/www.o-p-i.fr\/parlonsen\/wp-json\/wp\/v2\/types\/post"}],"author":[{"embeddable":true,"href":"https:\/\/www.o-p-i.fr\/parlonsen\/wp-json\/wp\/v2\/users\/2"}],"replies":[{"embeddable":true,"href":"https:\/\/www.o-p-i.fr\/parlonsen\/wp-json\/wp\/v2\/comments?post=30775"}],"version-history":[{"count":0,"href":"https:\/\/www.o-p-i.fr\/parlonsen\/wp-json\/wp\/v2\/posts\/30775\/revisions"}],"wp:attachment":[{"href":"https:\/\/www.o-p-i.fr\/parlonsen\/wp-json\/wp\/v2\/media?parent=30775"}],"wp:term":[{"taxonomy":"category","embeddable":true,"href":"https:\/\/www.o-p-i.fr\/parlonsen\/wp-json\/wp\/v2\/categories?post=30775"},{"taxonomy":"post_tag","embeddable":true,"href":"https:\/\/www.o-p-i.fr\/parlonsen\/wp-json\/wp\/v2\/tags?post=30775"}],"curies":[{"name":"wp","href":"https:\/\/api.w.org\/{rel}","templated":true}]}}