{"id":30786,"date":"2016-09-29T08:02:03","date_gmt":"2016-09-29T07:02:03","guid":{"rendered":"\/parlonsen\/?p=30786"},"modified":"2025-11-10T20:58:02","modified_gmt":"2025-11-10T19:58:02","slug":"judo-pour-tous-a-beauvais-sur-tescou-81","status":"publish","type":"post","link":"https:\/\/www.o-p-i.fr\/parlonsen\/localisation\/au-pays-des-tescous\/beauvais-sur-tescou\/judo-pour-tous-a-beauvais-sur-tescou-81\/","title":{"rendered":"Judo pour tous &#8230; \u00e0 Beauvais sur Tescou (81)"},"content":{"rendered":"<p align=\"JUSTIFY\">Comme chaque ann\u00e9e la saison de judo a repris son rythme au dojo de Beauvais sur Tescou. Situ\u00e9 \u00e0 mi-chemin de Monclar de Quercy et de Salvagnac, le judo s&rsquo;y pratique dans une salle lumineuse disposant de vestiaires spacieux avec douches et d&rsquo;un tatamis de 120 m2.<!--more--><\/p>\n<p align=\"JUSTIFY\">Le club de Beauvais sur Tescou qui est ouvert \u00e0 toutes et \u00e0 tous est un satellite du dojo montalbanais. Il \u00e9volue sous l&rsquo;\u00e9gide de la FSGT et \u00e0 ce titre dispose d&rsquo;une \u00e9quipe d&rsquo;animateurs et de professeurs dipl\u00f4m\u00e9s.<\/p>\n<p align=\"JUSTIFY\">Pour cette saison 2016-2017 on y retrouve bien sur St\u00e9phane ALAUX, qui cette ann\u00e9e est second\u00e9 par J\u00e9r\u00e9my LESTRADE.<\/p>\n<figure id=\"attachment_30787\" aria-describedby=\"caption-attachment-30787\" style=\"width: 630px\" class=\"wp-caption aligncenter\"><a href=\"https:\/\/i0.wp.com\/www.o-p-i.fr\/parlonsen\/wp-content\/uploads\/judo_beauvais.jpg?ssl=1\"><img data-recalc-dims=\"1\" loading=\"lazy\" decoding=\"async\" class=\"size-full wp-image-30787\" src=\"https:\/\/i0.wp.com\/www.o-p-i.fr\/parlonsen\/wp-content\/uploads\/judo_beauvais.jpg?resize=630%2C250&#038;ssl=1\" alt=\"Judo \u00e0 Beauvais sur Tescou (81)\" width=\"630\" height=\"250\" srcset=\"https:\/\/i0.wp.com\/www.o-p-i.fr\/parlonsen\/wp-content\/uploads\/judo_beauvais.jpg?w=630&amp;ssl=1 630w, https:\/\/i0.wp.com\/www.o-p-i.fr\/parlonsen\/wp-content\/uploads\/judo_beauvais.jpg?resize=300%2C119&amp;ssl=1 300w, https:\/\/i0.wp.com\/www.o-p-i.fr\/parlonsen\/wp-content\/uploads\/judo_beauvais.jpg?resize=150%2C60&amp;ssl=1 150w, https:\/\/i0.wp.com\/www.o-p-i.fr\/parlonsen\/wp-content\/uploads\/judo_beauvais.jpg?resize=400%2C159&amp;ssl=1 400w\" sizes=\"auto, (max-width: 630px) 100vw, 630px\" \/><\/a><figcaption id=\"caption-attachment-30787\" class=\"wp-caption-text\">Judo \u00e0 Beauvais sur Tescou (81)<\/figcaption><\/figure>\n<p align=\"JUSTIFY\">Les cours ont lieu le mardi pour les enfants (de 6 \u00e0 12 ans) et le jeudi\u00a0 avec un Eveil Judo pour les enfants de 4 \u00e0 6 ans.<\/p>\n<p align=\"JUSTIFY\">Un entra\u00eenement Judo D\u00e9tente et Self D\u00e9fense a \u00e9galement lieu pour les adultes le jeudi.<\/p>\n<p align=\"JUSTIFY\">Le judo est un sport d&rsquo;\u00e9quilibre et de souplesse qui d\u00e9tend et aguerri aux techniques de d\u00e9fense et de relaxation. Alors n&rsquo;h\u00e9sitez pas \u00e0 venir faire un essai, seul ou en famille.<\/p>\n<p align=\"JUSTIFY\"><strong>Contact :<\/strong> <a href=\"https:\/\/www.o-p-i.fr\/aupays\/annuaire\/loisirs\/dojo-montalbanais-antenne-de-beauvais-sur-tescou\/\" rel=\"bookmark\">Dojo Montalbanais \u2013 Antenne de Beauvais sur Tescou<\/a><\/p>\n<div class=\"entry-thumbnails\"><a href=\"https:\/\/www.o-p-i.fr\/aupays\/annuaire\/loisirs\/dojo-montalbanais-antenne-de-beauvais-sur-tescou\/\"><img decoding=\"async\" title=\"Dojo Montalbanais \u2013 Antenne de Beauvais sur Tescou\" src=\"https:\/\/www.o-p-i.fr\/aupays\/wp-content\/themes\/arras-theme\/library\/timthumb.php?src=https:\/\/www.o-p-i.fr\/aupays\/wp-content\/uploads\/logo_dojo.jpg&amp;w=190&amp;h=100&amp;zc=1\" alt=\"Dojo Montalbanais \u2013 Antenne de Beauvais sur Tescou\" \/><\/a><span class=\"entry-meta\"><abbr class=\"published\" title=\"2016-09-28T17:25:38+00:00\">&#8230;<\/abbr><\/span><\/div>\n<p><em>Communiqu\u00e9 par Francis POVERT<\/em><\/p>\n<p><span style=\"border-radius: 2px; text-indent: 20px; width: auto; padding: 0px 4px 0px 0px; text-align: center; font: bold 11px\/20px 'Helvetica Neue',Helvetica,sans-serif; color: #ffffff; background: #bd081c  no-repeat scroll 3px 50% \/ 14px 14px; position: absolute; opacity: 1; z-index: 8675309; display: none; cursor: pointer; top: 235px; left: 230px;\">Enregistrer<\/span><\/p>\n","protected":false},"excerpt":{"rendered":"<div class=\"mh-excerpt\">Comme chaque ann\u00e9e la saison de judo a repris son rythme au dojo de Beauvais sur Tescou. Situ\u00e9 \u00e0 mi-chemin de Monclar de Quercy et de Salvagnac, le judo s&rsquo;y pratique dans une salle lumineuse <a class=\"mh-excerpt-more\" href=\"https:\/\/www.o-p-i.fr\/parlonsen\/localisation\/au-pays-des-tescous\/beauvais-sur-tescou\/judo-pour-tous-a-beauvais-sur-tescou-81\/\" title=\"Judo pour tous &#8230; \u00e0 Beauvais sur Tescou (81)\">[&#8230;]<\/a><\/div>\n","protected":false},"author":2,"featured_media":0,"comment_status":"open","ping_status":"open","sticky":false,"template":"","format":"standard","meta":{"om_disable_all_campaigns":false,"advanced_seo_description":"","jetpack_seo_html_title":"","jetpack_seo_noindex":false,"_jetpack_memberships_contains_paid_content":false,"footnotes":"","_links_to":"","_links_to_target":""},"categories":[28,54,53],"tags":[179,323,397],"class_list":{"0":"post-30786","1":"post","2":"type-post","3":"status-publish","4":"format-standard","6":"category-beauvais-sur-tescou","7":"category-loisirs","8":"category-sports","9":"tag-cours","10":"tag-enfant","11":"tag-judo"},"jetpack_featured_media_url":"","views":{"total":0,"cached_at":"","cached_date":1738299124},"jetpack_likes_enabled":true,"jetpack_sharing_enabled":true,"jetpack_shortlink":"https:\/\/wp.me\/pg7Wxj-80y","jetpack-related-posts":[],"_links":{"self":[{"href":"https:\/\/www.o-p-i.fr\/parlonsen\/wp-json\/wp\/v2\/posts\/30786","targetHints":{"allow":["GET"]}}],"collection":[{"href":"https:\/\/www.o-p-i.fr\/parlonsen\/wp-json\/wp\/v2\/posts"}],"about":[{"href":"https:\/\/www.o-p-i.fr\/parlonsen\/wp-json\/wp\/v2\/types\/post"}],"author":[{"embeddable":true,"href":"https:\/\/www.o-p-i.fr\/parlonsen\/wp-json\/wp\/v2\/users\/2"}],"replies":[{"embeddable":true,"href":"https:\/\/www.o-p-i.fr\/parlonsen\/wp-json\/wp\/v2\/comments?post=30786"}],"version-history":[{"count":1,"href":"https:\/\/www.o-p-i.fr\/parlonsen\/wp-json\/wp\/v2\/posts\/30786\/revisions"}],"predecessor-version":[{"id":67422,"href":"https:\/\/www.o-p-i.fr\/parlonsen\/wp-json\/wp\/v2\/posts\/30786\/revisions\/67422"}],"wp:attachment":[{"href":"https:\/\/www.o-p-i.fr\/parlonsen\/wp-json\/wp\/v2\/media?parent=30786"}],"wp:term":[{"taxonomy":"category","embeddable":true,"href":"https:\/\/www.o-p-i.fr\/parlonsen\/wp-json\/wp\/v2\/categories?post=30786"},{"taxonomy":"post_tag","embeddable":true,"href":"https:\/\/www.o-p-i.fr\/parlonsen\/wp-json\/wp\/v2\/tags?post=30786"}],"curies":[{"name":"wp","href":"https:\/\/api.w.org\/{rel}","templated":true}]}}