{"id":30801,"date":"2016-09-29T14:27:24","date_gmt":"2016-09-29T13:27:24","guid":{"rendered":"\/parlonsen\/?p=30801"},"modified":"2016-09-29T14:27:24","modified_gmt":"2016-09-29T13:27:24","slug":"apres-la-g-do-p-i-des-tescous-bilan-et-perspectives","status":"publish","type":"post","link":"https:\/\/www.o-p-i.fr\/parlonsen\/parlons-en\/pratique\/apres-la-g-do-p-i-des-tescous-bilan-et-perspectives\/","title":{"rendered":"Apr\u00e8s l&rsquo;A.G. d&rsquo;O.P.I. des Tescou&rsquo;s, bilan et perspectives &#8230;"},"content":{"rendered":"<p>Samedi 17 septembre 2016\u00a0 s&rsquo;est tenue l&rsquo;Assembl\u00e9e G\u00e9n\u00e9rale \u00e0 Monclar de Quercy. Voici un compte rendu des activit\u00e9s et des perspectives \u00e9voqu\u00e9es lors de cette r\u00e9union.<!--more--><\/p>\n<p class=\"size-full wp-image-30819\">Vous pouvez consulter le compte rendu de l&rsquo;Assembl\u00e9e G\u00e9n\u00e9rale <strong><a href=\"https:\/\/www.o-p-i.fr\/parlonsen\/wp-content\/uploads\/C.R.-Parlons_en.pdf\" target=\"_blank\">en cliquant ici !<\/a><\/strong><\/p>\n<p style=\"text-align: justify;\">Comme vous pouvez le constater \u00e0 la lecture de ce document, depuis sa mise en service en 2009 le nouveau site d&rsquo;O.P.I. a vu sa fr\u00e9quentation augmenter rapidement puis marquer un palier. Un foyer sur cinq environ re\u00e7oit la lettre d&rsquo;info du jeudi soir, on peut donc raisonnablement envisager une\u00a0progression. Si vous trouvez ce site utile avec la lettre d&rsquo;info, l&rsquo;agenda, l&rsquo;annuaire, parlez en autour de vous et tout particuli\u00e8rement aux familles qui viennent de s&rsquo;installer ici.<\/p>\n<p>Du point de vue financier, la mise en place du contrat aid\u00e9, le C.U.I.,\u00a0n&rsquo;a pas vraiment \u00e9t\u00e9 une solution. Il convient de rechercher de nouvelles sources de financement en augmentant le nombre d&rsquo;adh\u00e9rents \u00e0 la d\u00e9marche d&rsquo;O.P.I, en multipliant les offres de services aupr\u00e8s des acteurs \u00e9conomiques et sociaux de notre pays, associations, artisans,\u00a0commer\u00e7ants et agriculteurs. Une d\u00e9marche aupr\u00e8s des \u00e9lus des 19 villages du Pays des Tescou&rsquo;s sera entreprise afin d&rsquo;envisager une collaboration dans le domaine de la circulation de l&rsquo;information.<\/p>\n<p>Si vous trouvez que la d\u00e9marche de l&rsquo;association pr\u00e9sente un int\u00e9r\u00eat pour notre bassin de vie, rejoignez-nous en tant que veilleur ou correspondant<\/p>\n<h3 style=\"text-align: center;\"><a href=\"https:\/\/www.o-p-i.fr\/aupays\/opi\/je-bouge-avec-opi\/\" target=\"_blank\"><strong>[Je bouge avec O.P.I.]<br \/>\n<\/strong><\/a><\/h3>\n<figure id=\"attachment_30819\" aria-describedby=\"caption-attachment-30819\" style=\"width: 900px\" class=\"wp-caption aligncenter\"><a href=\"https:\/\/i0.wp.com\/www.o-p-i.fr\/parlonsen\/wp-content\/uploads\/OPIdesTESCOUS-1.jpg?ssl=1\"><img data-recalc-dims=\"1\" loading=\"lazy\" decoding=\"async\" class=\"size-full wp-image-30819\" src=\"https:\/\/i0.wp.com\/www.o-p-i.fr\/parlonsen\/wp-content\/uploads\/OPIdesTESCOUS-1.jpg?resize=900%2C347&#038;ssl=1\" alt=\"OPI des Tescou's\" width=\"900\" height=\"347\" srcset=\"https:\/\/i0.wp.com\/www.o-p-i.fr\/parlonsen\/wp-content\/uploads\/OPIdesTESCOUS-1.jpg?w=900&amp;ssl=1 900w, https:\/\/i0.wp.com\/www.o-p-i.fr\/parlonsen\/wp-content\/uploads\/OPIdesTESCOUS-1.jpg?resize=300%2C116&amp;ssl=1 300w, https:\/\/i0.wp.com\/www.o-p-i.fr\/parlonsen\/wp-content\/uploads\/OPIdesTESCOUS-1.jpg?resize=768%2C296&amp;ssl=1 768w, https:\/\/i0.wp.com\/www.o-p-i.fr\/parlonsen\/wp-content\/uploads\/OPIdesTESCOUS-1.jpg?resize=150%2C58&amp;ssl=1 150w, https:\/\/i0.wp.com\/www.o-p-i.fr\/parlonsen\/wp-content\/uploads\/OPIdesTESCOUS-1.jpg?resize=400%2C154&amp;ssl=1 400w\" sizes=\"auto, (max-width: 900px) 100vw, 900px\" \/><\/a><figcaption id=\"caption-attachment-30819\" class=\"wp-caption-text\">OPI des Tescou&rsquo;s<\/figcaption><\/figure>\n<p><em>Communiqu\u00e9 du C.A. d&rsquo;O.P.I. des Tescou&rsquo;s<\/em><\/p>\n<p><span style=\"border-radius: 2px; text-indent: 20px; width: auto; padding: 0px 4px 0px 0px; text-align: center; font: bold 11px\/20px 'Helvetica Neue',Helvetica,sans-serif; color: #ffffff; background: #bd081c no-repeat scroll 3px 50% \/ 14px 14px; position: absolute; opacity: 1; z-index: 8675309; display: none; cursor: pointer;\">Enregistrer<\/span><\/p>\n<p><span style=\"border-radius: 2px; text-indent: 20px; width: auto; padding: 0px 4px 0px 0px; text-align: center; font: bold 11px\/20px 'Helvetica Neue',Helvetica,sans-serif; color: #ffffff; background: #bd081c  no-repeat scroll 3px 50% \/ 14px 14px; position: absolute; opacity: 1; z-index: 8675309; display: none; cursor: pointer; top: 131px; left: 95px;\">Enregistrer<\/span><\/p>\n","protected":false},"excerpt":{"rendered":"<div class=\"mh-excerpt\">Samedi 17 septembre 2016\u00a0 s&rsquo;est tenue l&rsquo;Assembl\u00e9e G\u00e9n\u00e9rale \u00e0 Monclar de Quercy. Voici un compte rendu des activit\u00e9s et des perspectives \u00e9voqu\u00e9es lors de cette r\u00e9union.<\/div>\n","protected":false},"author":4,"featured_media":0,"comment_status":"open","ping_status":"open","sticky":false,"template":"","format":"standard","meta":{"om_disable_all_campaigns":false,"advanced_seo_description":"","jetpack_seo_html_title":"","jetpack_seo_noindex":false,"_jetpack_memberships_contains_paid_content":false,"footnotes":"","_links_to":"","_links_to_target":""},"categories":[52,828,6,2517],"tags":[300,807,1097,2378,2619,2620],"class_list":{"0":"post-30801","1":"post","2":"type-post","3":"status-publish","4":"format-standard","6":"category-parlons-en","7":"category-au-pays-des-tescous","8":"category-pratique","9":"category-n-127-octobre-2016","10":"tag-internet","11":"tag-bilan","12":"tag-opinion","13":"tag-developpement-local","14":"tag-assemblee-generale","15":"tag-perspectives"},"jetpack_featured_media_url":"","views":{"total":0,"cached_at":"","cached_date":1738413675},"jetpack_likes_enabled":true,"jetpack_sharing_enabled":true,"jetpack_shortlink":"https:\/\/wp.me\/pg7Wxj-80N","jetpack-related-posts":[],"_links":{"self":[{"href":"https:\/\/www.o-p-i.fr\/parlonsen\/wp-json\/wp\/v2\/posts\/30801","targetHints":{"allow":["GET"]}}],"collection":[{"href":"https:\/\/www.o-p-i.fr\/parlonsen\/wp-json\/wp\/v2\/posts"}],"about":[{"href":"https:\/\/www.o-p-i.fr\/parlonsen\/wp-json\/wp\/v2\/types\/post"}],"author":[{"embeddable":true,"href":"https:\/\/www.o-p-i.fr\/parlonsen\/wp-json\/wp\/v2\/users\/4"}],"replies":[{"embeddable":true,"href":"https:\/\/www.o-p-i.fr\/parlonsen\/wp-json\/wp\/v2\/comments?post=30801"}],"version-history":[{"count":0,"href":"https:\/\/www.o-p-i.fr\/parlonsen\/wp-json\/wp\/v2\/posts\/30801\/revisions"}],"wp:attachment":[{"href":"https:\/\/www.o-p-i.fr\/parlonsen\/wp-json\/wp\/v2\/media?parent=30801"}],"wp:term":[{"taxonomy":"category","embeddable":true,"href":"https:\/\/www.o-p-i.fr\/parlonsen\/wp-json\/wp\/v2\/categories?post=30801"},{"taxonomy":"post_tag","embeddable":true,"href":"https:\/\/www.o-p-i.fr\/parlonsen\/wp-json\/wp\/v2\/tags?post=30801"}],"curies":[{"name":"wp","href":"https:\/\/api.w.org\/{rel}","templated":true}]}}