{"id":30867,"date":"2016-10-04T16:54:09","date_gmt":"2016-10-04T15:54:09","guid":{"rendered":"\/parlonsen\/?p=30867"},"modified":"2016-10-04T16:54:49","modified_gmt":"2016-10-04T15:54:49","slug":"stephane-galentin-et-les-gigabulles-a-labastide-saint-pierre-82","status":"publish","type":"post","link":"https:\/\/www.o-p-i.fr\/parlonsen\/parlons-en\/culture\/stephane-galentin-et-les-gigabulles-a-labastide-saint-pierre-82\/","title":{"rendered":"St\u00e9phane Galentin et Les gigabulles &#8230; \u00e0 Labastide Saint-Pierre (82)"},"content":{"rendered":"<p>Soir\u00e9e unique en 2 parties le <strong>Samedi 15 Octobre 2016<\/strong> \u00e0 20h30 \u00e0 La Negrette.<!--more--><\/p>\n<p>1000 bulles vous propose en premi\u00e8re partie :<\/p>\n<p style=\"padding-left: 30px;\"><strong>\u00ab\u00a0Docteur c&rsquo;est comment le monde\u00a0\u00bb<\/strong><br \/>\nL&rsquo;histoire a lieu dans un h\u00f4pital psychiatrique : une infirmi\u00e8re nympho, une cantatrice en mal de chanson, une accro au m\u00e9dicament et bien d&rsquo;autres r\u00f4les d\u00e9jant\u00e9s am\u00e8ne le public dans une pi\u00e8ce efficace et rythm\u00e9e.<br \/>\nCette pi\u00e8ce a un air de Vol au dessus d&rsquo;un nid de coucou \u00e0 la Bastidienne !! tout un programme&#8230;.<\/p>\n<p>en deuxi\u00e8me partie le One Man Show de St\u00e9phane Galentin :<\/p>\n<figure id=\"attachment_27433\" aria-describedby=\"caption-attachment-27433\" style=\"width: 150px\" class=\"wp-caption alignright\"><a href=\"https:\/\/i0.wp.com\/www.o-p-i.fr\/parlonsen\/wp-content\/uploads\/stephanegalentin.jpeg?ssl=1\"><img data-recalc-dims=\"1\" loading=\"lazy\" decoding=\"async\" class=\"size-thumbnail wp-image-27433\" src=\"https:\/\/i0.wp.com\/www.o-p-i.fr\/parlonsen\/wp-content\/uploads\/stephanegalentin.jpeg?resize=150%2C150&#038;ssl=1\" alt=\"One Man Show &quot;On se dit tout ...&quot; - St\u00e9phane Galentin\" width=\"150\" height=\"150\" \/><\/a><figcaption id=\"caption-attachment-27433\" class=\"wp-caption-text\">One Man Show \u00ab\u00a0On se dit tout &#8230;\u00a0\u00bb &#8211; St\u00e9phane Galentin<\/figcaption><\/figure>\n<p style=\"padding-left: 30px;\"><strong>\u00ab\u00a0On se dit tout&#8230; m\u00eame les plus petits d\u00e9tails\u00a0\u00bb<\/strong><br \/>\nCe One Man Show \u00e9nergique et dynamique, passe tout en revue : La s\u00e9duction, le mariage, avoir des enfants, et tout ce qui va avec\u2026 !!!<br \/>\nMais rien n\u2019est simple ni \u00e9vident\u2026. surtout quand tout \u00e7a est vu par le regard d\u2019un homme !!<br \/>\nAu travers de ces diff\u00e9rentes anecdotes, vous vous reconnaitrez ou bien vous y verrez l\u2019un de vos proches. En tous les cas aucune ne vous laissera indiff\u00e9rent.<\/p>\n<p>Une soir\u00e9e riche en amusement &#8211; on vous attend !!<\/p>\n<p><strong>Tarifs :<\/strong><br \/>\nNormal : 10 \u20ac<br \/>\nR\u00e9duit : 5 \u20ac<\/p>\n<p><strong>Contact :<\/strong> <a href=\"https:\/\/www.o-p-i.fr\/aupays\/annuaire\/loisirs\/mjc-la-negrette\/\" rel=\"bookmark\">MJC La N\u00e9grette<\/a><\/p>\n<div class=\"entry-thumbnails\"><a href=\"https:\/\/www.o-p-i.fr\/aupays\/annuaire\/loisirs\/mjc-la-negrette\/\"><img decoding=\"async\" title=\"MJC La N\u00e9grette\" src=\"https:\/\/www.o-p-i.fr\/aupays\/wp-content\/themes\/arras-theme\/library\/timthumb.php?src=https:\/\/www.o-p-i.fr\/aupays\/wp-content\/uploads\/logo_mjclabastide.jpg&amp;w=190&amp;h=100&amp;zc=1\" alt=\"MJC La N\u00e9grette\" \/><\/a><span class=\"entry-meta\"><abbr class=\"published\" title=\"2016-04-05T11:20:09+00:00\">&#8230;<\/abbr><\/span><\/div>\n<p><em>Communiqu\u00e9 par Carole GIORDANO pour la MJC<\/em><\/p>\n<p><span style=\"border-radius: 2px; text-indent: 20px; width: auto; padding: 0px 4px 0px 0px; text-align: center; font: bold 11px\/20px 'Helvetica Neue',Helvetica,sans-serif; color: #ffffff; background: #bd081c  no-repeat scroll 3px 50% \/ 14px 14px; position: absolute; opacity: 1; z-index: 8675309; display: none; cursor: pointer;\">Enregistrer<\/span><\/p>\n","protected":false},"excerpt":{"rendered":"<div class=\"mh-excerpt\">Soir\u00e9e unique en 2 parties le Samedi 15 Octobre 2016 \u00e0 20h30 \u00e0 La Negrette.<\/div>\n","protected":false},"author":2,"featured_media":0,"comment_status":"open","ping_status":"open","sticky":false,"template":"","format":"standard","meta":{"om_disable_all_campaigns":false,"advanced_seo_description":"","jetpack_seo_html_title":"","jetpack_seo_noindex":false,"_jetpack_memberships_contains_paid_content":false,"footnotes":"","_links_to":"","_links_to_target":""},"categories":[42,1,54,2517],"tags":[57,132,1077,1327,2092,2309],"class_list":{"0":"post-30867","1":"post","2":"type-post","3":"status-publish","4":"format-standard","6":"category-a-cote-de-chez-nous","7":"category-culture","8":"category-loisirs","9":"category-n-127-octobre-2016","10":"tag-theatre","11":"tag-spectacle","12":"tag-labastide-saint-pierre","13":"tag-humour","14":"tag-mjc-labastide-saint-pierre","15":"tag-one-man-show"},"jetpack_featured_media_url":"","views":{"total":0,"cached_at":"","cached_date":1738531713},"jetpack_likes_enabled":true,"jetpack_sharing_enabled":true,"jetpack_shortlink":"https:\/\/wp.me\/pg7Wxj-81R","jetpack-related-posts":[],"_links":{"self":[{"href":"https:\/\/www.o-p-i.fr\/parlonsen\/wp-json\/wp\/v2\/posts\/30867","targetHints":{"allow":["GET"]}}],"collection":[{"href":"https:\/\/www.o-p-i.fr\/parlonsen\/wp-json\/wp\/v2\/posts"}],"about":[{"href":"https:\/\/www.o-p-i.fr\/parlonsen\/wp-json\/wp\/v2\/types\/post"}],"author":[{"embeddable":true,"href":"https:\/\/www.o-p-i.fr\/parlonsen\/wp-json\/wp\/v2\/users\/2"}],"replies":[{"embeddable":true,"href":"https:\/\/www.o-p-i.fr\/parlonsen\/wp-json\/wp\/v2\/comments?post=30867"}],"version-history":[{"count":0,"href":"https:\/\/www.o-p-i.fr\/parlonsen\/wp-json\/wp\/v2\/posts\/30867\/revisions"}],"wp:attachment":[{"href":"https:\/\/www.o-p-i.fr\/parlonsen\/wp-json\/wp\/v2\/media?parent=30867"}],"wp:term":[{"taxonomy":"category","embeddable":true,"href":"https:\/\/www.o-p-i.fr\/parlonsen\/wp-json\/wp\/v2\/categories?post=30867"},{"taxonomy":"post_tag","embeddable":true,"href":"https:\/\/www.o-p-i.fr\/parlonsen\/wp-json\/wp\/v2\/tags?post=30867"}],"curies":[{"name":"wp","href":"https:\/\/api.w.org\/{rel}","templated":true}]}}