{"id":30883,"date":"2016-10-07T11:05:41","date_gmt":"2016-10-07T10:05:41","guid":{"rendered":"\/parlonsen\/?p=30883"},"modified":"2016-10-05T15:28:41","modified_gmt":"2016-10-05T14:28:41","slug":"clowneries-et-acrobaties-choregraphiees-aux-cabannes-81","status":"publish","type":"post","link":"https:\/\/www.o-p-i.fr\/parlonsen\/parlons-en\/culture\/clowneries-et-acrobaties-choregraphiees-aux-cabannes-81\/","title":{"rendered":"Clowneries et Acrobaties chor\u00e9graphi\u00e9es  &#8230; aux Cabannes (81)"},"content":{"rendered":"<p>Restitution de r\u00e9sidence artistique le<strong> Dimanche 23 octobre 2016<\/strong> \u00e0 17h au Th\u00e9\u00e2tre du Colombier.<!--more--><\/p>\n<figure id=\"attachment_30884\" aria-describedby=\"caption-attachment-30884\" style=\"width: 300px\" class=\"wp-caption alignright\"><a href=\"https:\/\/i0.wp.com\/www.o-p-i.fr\/parlonsen\/wp-content\/uploads\/lesgenouxrouges.jpg?ssl=1\"><img data-recalc-dims=\"1\" loading=\"lazy\" decoding=\"async\" class=\"size-medium wp-image-30884\" src=\"https:\/\/i0.wp.com\/www.o-p-i.fr\/parlonsen\/wp-content\/uploads\/lesgenouxrouges.jpg?resize=300%2C200&#038;ssl=1\" alt=\"Les Genoux Rouges, Cie Carr\u00e9 Blanc\" width=\"300\" height=\"200\" srcset=\"https:\/\/i0.wp.com\/www.o-p-i.fr\/parlonsen\/wp-content\/uploads\/lesgenouxrouges.jpg?resize=300%2C200&amp;ssl=1 300w, https:\/\/i0.wp.com\/www.o-p-i.fr\/parlonsen\/wp-content\/uploads\/lesgenouxrouges.jpg?resize=768%2C512&amp;ssl=1 768w, https:\/\/i0.wp.com\/www.o-p-i.fr\/parlonsen\/wp-content\/uploads\/lesgenouxrouges.jpg?resize=1024%2C683&amp;ssl=1 1024w, https:\/\/i0.wp.com\/www.o-p-i.fr\/parlonsen\/wp-content\/uploads\/lesgenouxrouges.jpg?resize=150%2C100&amp;ssl=1 150w, https:\/\/i0.wp.com\/www.o-p-i.fr\/parlonsen\/wp-content\/uploads\/lesgenouxrouges.jpg?resize=400%2C267&amp;ssl=1 400w, https:\/\/i0.wp.com\/www.o-p-i.fr\/parlonsen\/wp-content\/uploads\/lesgenouxrouges.jpg?w=2000&amp;ssl=1 2000w, https:\/\/i0.wp.com\/www.o-p-i.fr\/parlonsen\/wp-content\/uploads\/lesgenouxrouges.jpg?w=3000&amp;ssl=1 3000w\" sizes=\"auto, (max-width: 300px) 100vw, 300px\" \/><\/a><figcaption id=\"caption-attachment-30884\" class=\"wp-caption-text\">Les Genoux Rouges, Cie Carr\u00e9 Blanc<\/figcaption><\/figure>\n<p><strong>Les Genoux Rouges, Cie Carr\u00e9 Blanc<\/strong><br \/>\nClowneries et Acrobaties chor\u00e9graphi\u00e9es<\/p>\n<p>Apr\u00e8s leurs r\u00e9sidences de cr\u00e9ation et restitutions de travail au centre CIR-CA \u00e0 Auch, puis \u00e0 la GRAINERIE \u00e0 Toulouse, 5 \u00e9l\u00e8ves fra\u00eechement sortis du LIDO (Ecole du cirque de Toulouse) nous livrent avec talent et enthousiasme leur univers de circassiens.<br \/>\nCes 5 acrobates-\u00e9quilibristes, d\u00e9fiant les lois de la gravit\u00e9, sont dirig\u00e9s par la chor\u00e9graphe Mich\u00e8le Dhallu.<\/p>\n<p>A d\u00e9couvrir absolument !<\/p>\n<p>Dur\u00e9e 1 heure.<\/p>\n<p><strong>Tarifs :<\/strong><br \/>\nNormal : 10 \u20ac<br \/>\nR\u00e9duit (adh\u00e9rents) : 8 \u20ac<br \/>\nEnfant et Ados : 4 \u20ac<\/p>\n<p><strong>Contact :<\/strong> <a href=\"https:\/\/www.o-p-i.fr\/aupays\/annuaire\/loisirs\/theatre-le-colombier\/\" rel=\"bookmark\">Th\u00e9\u00e2tre Le Colombier<\/a><\/p>\n<div class=\"entry-thumbnails\"><a href=\"https:\/\/www.o-p-i.fr\/aupays\/annuaire\/loisirs\/theatre-le-colombier\/\"><img decoding=\"async\" title=\"Th\u00e9\u00e2tre Le Colombier\" src=\"https:\/\/www.o-p-i.fr\/aupays\/wp-content\/themes\/arras-theme\/library\/timthumb.php?src=https:\/\/www.o-p-i.fr\/aupays\/wp-content\/uploads\/logo_colombier.jpg&amp;w=190&amp;h=100&amp;zc=1\" alt=\"Th\u00e9\u00e2tre Le Colombier\" \/><\/a><span class=\"entry-meta\"><abbr class=\"published\" title=\"2016-01-13T11:28:16+00:00\">\u2026<\/abbr><\/span><\/div>\n<div class=\"entry-thumbnails\"><\/div>\n<div class=\"entry-thumbnails\"><em>Communiqu\u00e9 par l\u2019\u00e9quipe du Colombier<\/em><\/div>\n<p>&nbsp;<\/p>\n","protected":false},"excerpt":{"rendered":"<div class=\"mh-excerpt\">Restitution de r\u00e9sidence artistique le Dimanche 23 octobre 2016 \u00e0 17h au Th\u00e9\u00e2tre du Colombier.<\/div>\n","protected":false},"author":2,"featured_media":0,"comment_status":"open","ping_status":"open","sticky":false,"template":"","format":"standard","meta":{"om_disable_all_campaigns":false,"advanced_seo_description":"","jetpack_seo_html_title":"","jetpack_seo_noindex":false,"_jetpack_memberships_contains_paid_content":false,"footnotes":"","_links_to":"","_links_to_target":""},"categories":[42,1,54,2517],"tags":[132,507,754],"class_list":{"0":"post-30883","1":"post","2":"type-post","3":"status-publish","4":"format-standard","6":"category-a-cote-de-chez-nous","7":"category-culture","8":"category-loisirs","9":"category-n-127-octobre-2016","10":"tag-spectacle","11":"tag-cirque","12":"tag-les-cabannes"},"jetpack_featured_media_url":"","views":{"total":0,"cached_at":"","cached_date":1738519362},"jetpack_likes_enabled":true,"jetpack_sharing_enabled":true,"jetpack_shortlink":"https:\/\/wp.me\/pg7Wxj-827","jetpack-related-posts":[],"_links":{"self":[{"href":"https:\/\/www.o-p-i.fr\/parlonsen\/wp-json\/wp\/v2\/posts\/30883","targetHints":{"allow":["GET"]}}],"collection":[{"href":"https:\/\/www.o-p-i.fr\/parlonsen\/wp-json\/wp\/v2\/posts"}],"about":[{"href":"https:\/\/www.o-p-i.fr\/parlonsen\/wp-json\/wp\/v2\/types\/post"}],"author":[{"embeddable":true,"href":"https:\/\/www.o-p-i.fr\/parlonsen\/wp-json\/wp\/v2\/users\/2"}],"replies":[{"embeddable":true,"href":"https:\/\/www.o-p-i.fr\/parlonsen\/wp-json\/wp\/v2\/comments?post=30883"}],"version-history":[{"count":0,"href":"https:\/\/www.o-p-i.fr\/parlonsen\/wp-json\/wp\/v2\/posts\/30883\/revisions"}],"wp:attachment":[{"href":"https:\/\/www.o-p-i.fr\/parlonsen\/wp-json\/wp\/v2\/media?parent=30883"}],"wp:term":[{"taxonomy":"category","embeddable":true,"href":"https:\/\/www.o-p-i.fr\/parlonsen\/wp-json\/wp\/v2\/categories?post=30883"},{"taxonomy":"post_tag","embeddable":true,"href":"https:\/\/www.o-p-i.fr\/parlonsen\/wp-json\/wp\/v2\/tags?post=30883"}],"curies":[{"name":"wp","href":"https:\/\/api.w.org\/{rel}","templated":true}]}}