{"id":30977,"date":"2016-10-12T07:08:18","date_gmt":"2016-10-12T06:08:18","guid":{"rendered":"\/parlonsen\/?p=30977"},"modified":"2025-11-10T15:11:00","modified_gmt":"2025-11-10T14:11:00","slug":"spectacle-de-contes-dici-et-dailleurs-a-cadalen-81","status":"publish","type":"post","link":"https:\/\/www.o-p-i.fr\/parlonsen\/parlons-en\/culture\/spectacle-de-contes-dici-et-dailleurs-a-cadalen-81\/","title":{"rendered":"Spectacle de contes d&rsquo;ici et d&rsquo;ailleurs &#8230; \u00e0 Cadalen (81)"},"content":{"rendered":"<p>La m\u00e9diath\u00e8que intercommunale sort de ses murs et s&rsquo;installe \u00e0 la salle des f\u00eates de Cadalen d\u00e8s 16h le <strong>Samedi 22 Octobre 2016<\/strong> pour vous proposer un spectacle de contes d&rsquo;ici et d&rsquo;ailleurs &#8230;<!--more--><\/p>\n<figure id=\"attachment_30978\" aria-describedby=\"caption-attachment-30978\" style=\"width: 213px\" class=\"wp-caption alignright\"><a href=\"https:\/\/i0.wp.com\/www.o-p-i.fr\/parlonsen\/wp-content\/uploads\/surunarbreconte.jpg?ssl=1\"><img data-recalc-dims=\"1\" loading=\"lazy\" decoding=\"async\" class=\"wp-image-30978 size-medium\" src=\"https:\/\/i0.wp.com\/www.o-p-i.fr\/parlonsen\/wp-content\/uploads\/surunarbreconte.jpg?resize=213%2C300&#038;ssl=1\" alt=\"Spectacle de contes d'ici et d'ailleurs ... \u00e0 Cadalen (81)\" width=\"213\" height=\"300\" srcset=\"https:\/\/i0.wp.com\/www.o-p-i.fr\/parlonsen\/wp-content\/uploads\/surunarbreconte.jpg?resize=213%2C300&amp;ssl=1 213w, https:\/\/i0.wp.com\/www.o-p-i.fr\/parlonsen\/wp-content\/uploads\/surunarbreconte.jpg?resize=768%2C1082&amp;ssl=1 768w, https:\/\/i0.wp.com\/www.o-p-i.fr\/parlonsen\/wp-content\/uploads\/surunarbreconte.jpg?resize=727%2C1024&amp;ssl=1 727w, https:\/\/i0.wp.com\/www.o-p-i.fr\/parlonsen\/wp-content\/uploads\/surunarbreconte.jpg?resize=106%2C150&amp;ssl=1 106w, https:\/\/i0.wp.com\/www.o-p-i.fr\/parlonsen\/wp-content\/uploads\/surunarbreconte.jpg?resize=400%2C564&amp;ssl=1 400w, https:\/\/i0.wp.com\/www.o-p-i.fr\/parlonsen\/wp-content\/uploads\/surunarbreconte.jpg?w=800&amp;ssl=1 800w\" sizes=\"auto, (max-width: 213px) 100vw, 213px\" \/><\/a><figcaption id=\"caption-attachment-30978\" class=\"wp-caption-text\">Spectacle de contes d&rsquo;ici et d&rsquo;ailleurs &#8230; \u00e0 Cadalen (81)<\/figcaption><\/figure>\n<p align=\"justify\">Nous connaissons l&rsquo;arbre de vie, l&rsquo;arbre \u00e0 palabres, l&rsquo;arbre de la justice et de la connaissance, celui du coin de la rue ou du jardin public&#8230;<\/p>\n<p align=\"justify\">Pourtant, de la graine port\u00e9e par le vent au sujet v\u00e9n\u00e9rable, il faut toute une vie, une vie d&rsquo;arbre.<\/p>\n<p align=\"justify\">\u00c0 travers des contes d&rsquo;ici, d&rsquo;ailleurs et d&rsquo;autre part, les Pince-Oreilles, deux conteuses et un percussionniste vous livreront quelques secrets de racines, de branches et de feuilles.<\/p>\n<p align=\"justify\">La sagesse populaire dit que les arbres sont nos gardiens, qu&rsquo;ils nous prot\u00e8gent comme des sentinelles&#8230;mais peut-\u00eatre que&#8230;<\/p>\n<p align=\"justify\">Spectacle tout public, \u00e0 partir de 6 ans.<\/p>\n<p align=\"justify\">\u00c0 l&rsquo;issue du spectacle se d\u00e9roulera la remise des Prix du concours Photo \u00ab\u00a0Aupr\u00e8s de mon arbre\u00a0\u00bb organis\u00e9 dans le cadre du Plan climat air \u00e9nergie territorial et de la programmation culturelle de la m\u00e9diath\u00e8que intercommunale.<\/p>\n<p align=\"justify\"><strong>Contact :<\/strong> M\u00e9diath\u00e8que Intercommunale<br \/>\nSite : <a href=\"http:\/\/media.ted.fr\">media.ted.fr<\/a><\/p>\n<div><em>Communiqu\u00e9 par Catherine BRUNET, Chef de service communication Tarn &amp; Dadou<\/em><\/div>\n","protected":false},"excerpt":{"rendered":"<div class=\"mh-excerpt\">La m\u00e9diath\u00e8que intercommunale sort de ses murs et s&rsquo;installe \u00e0 la salle des f\u00eates de Cadalen d\u00e8s 16h le Samedi 22 Octobre 2016 pour vous proposer un spectacle de contes d&rsquo;ici et d&rsquo;ailleurs &#8230;<\/div>\n","protected":false},"author":2,"featured_media":0,"comment_status":"open","ping_status":"open","sticky":false,"template":"","format":"standard","meta":{"om_disable_all_campaigns":false,"advanced_seo_description":"","jetpack_seo_html_title":"","jetpack_seo_noindex":false,"_jetpack_memberships_contains_paid_content":false,"footnotes":"","_links_to":"","_links_to_target":""},"categories":[42,1,55,54,2517],"tags":[118,323,2204,2889],"class_list":{"0":"post-30977","1":"post","2":"type-post","3":"status-publish","4":"format-standard","6":"category-a-cote-de-chez-nous","7":"category-culture","8":"category-environnement","9":"category-loisirs","10":"category-n-127-octobre-2016","11":"tag-arbres","12":"tag-enfant","13":"tag-cadalen","14":"tag-contes"},"jetpack_featured_media_url":"","views":{"total":0,"cached_at":"","cached_date":1738519243},"jetpack_likes_enabled":true,"jetpack_sharing_enabled":true,"jetpack_shortlink":"https:\/\/wp.me\/pg7Wxj-83D","jetpack-related-posts":[],"_links":{"self":[{"href":"https:\/\/www.o-p-i.fr\/parlonsen\/wp-json\/wp\/v2\/posts\/30977","targetHints":{"allow":["GET"]}}],"collection":[{"href":"https:\/\/www.o-p-i.fr\/parlonsen\/wp-json\/wp\/v2\/posts"}],"about":[{"href":"https:\/\/www.o-p-i.fr\/parlonsen\/wp-json\/wp\/v2\/types\/post"}],"author":[{"embeddable":true,"href":"https:\/\/www.o-p-i.fr\/parlonsen\/wp-json\/wp\/v2\/users\/2"}],"replies":[{"embeddable":true,"href":"https:\/\/www.o-p-i.fr\/parlonsen\/wp-json\/wp\/v2\/comments?post=30977"}],"version-history":[{"count":1,"href":"https:\/\/www.o-p-i.fr\/parlonsen\/wp-json\/wp\/v2\/posts\/30977\/revisions"}],"predecessor-version":[{"id":67235,"href":"https:\/\/www.o-p-i.fr\/parlonsen\/wp-json\/wp\/v2\/posts\/30977\/revisions\/67235"}],"wp:attachment":[{"href":"https:\/\/www.o-p-i.fr\/parlonsen\/wp-json\/wp\/v2\/media?parent=30977"}],"wp:term":[{"taxonomy":"category","embeddable":true,"href":"https:\/\/www.o-p-i.fr\/parlonsen\/wp-json\/wp\/v2\/categories?post=30977"},{"taxonomy":"post_tag","embeddable":true,"href":"https:\/\/www.o-p-i.fr\/parlonsen\/wp-json\/wp\/v2\/tags?post=30977"}],"curies":[{"name":"wp","href":"https:\/\/api.w.org\/{rel}","templated":true}]}}