{"id":31087,"date":"2016-11-09T19:04:32","date_gmt":"2016-11-09T18:04:32","guid":{"rendered":"\/parlonsen\/?p=31087"},"modified":"2019-05-25T17:54:04","modified_gmt":"2019-05-25T16:54:04","slug":"vies-de-jardin-dautomne-a-saint-urcisse-81","status":"publish","type":"post","link":"https:\/\/www.o-p-i.fr\/parlonsen\/parlons-en\/culture\/vies-de-jardin-dautomne-a-saint-urcisse-81\/","title":{"rendered":"Vies de Jardin d&rsquo;automne &#8230; \u00e0 Saint-Urcisse (81)"},"content":{"rendered":"<p><strong>Vendredi 11 Novembre 2016<\/strong>, de 10h \u00e0 17h, \u00e0 l&rsquo;ext\u00e9rieur et \u00e0 l&rsquo;int\u00e9rieur dans la salle communale aura lieu l&rsquo;\u00e9dition d&rsquo;automne des 7\u00e8mes Vies de jardin de Saint-Urcisse.<!--more--><\/p>\n<figure id=\"attachment_31088\" aria-describedby=\"caption-attachment-31088\" style=\"width: 199px\" class=\"wp-caption alignright\"><a href=\"https:\/\/i0.wp.com\/www.o-p-i.fr\/parlonsen\/wp-content\/uploads\/videjardinautomne2016.jpg?ssl=1\"><img data-recalc-dims=\"1\" loading=\"lazy\" decoding=\"async\" class=\"wp-image-31088 size-medium\" src=\"https:\/\/i0.wp.com\/www.o-p-i.fr\/parlonsen\/wp-content\/uploads\/videjardinautomne2016.jpg?resize=199%2C300&#038;ssl=1\" alt=\"Vies de Jardin - Automne 2016 - Saint-Urcisse (81)\" width=\"199\" height=\"300\" srcset=\"https:\/\/i0.wp.com\/www.o-p-i.fr\/parlonsen\/wp-content\/uploads\/videjardinautomne2016.jpg?resize=199%2C300&amp;ssl=1 199w, https:\/\/i0.wp.com\/www.o-p-i.fr\/parlonsen\/wp-content\/uploads\/videjardinautomne2016.jpg?resize=768%2C1156&amp;ssl=1 768w, https:\/\/i0.wp.com\/www.o-p-i.fr\/parlonsen\/wp-content\/uploads\/videjardinautomne2016.jpg?resize=680%2C1024&amp;ssl=1 680w, https:\/\/i0.wp.com\/www.o-p-i.fr\/parlonsen\/wp-content\/uploads\/videjardinautomne2016.jpg?resize=100%2C150&amp;ssl=1 100w, https:\/\/i0.wp.com\/www.o-p-i.fr\/parlonsen\/wp-content\/uploads\/videjardinautomne2016.jpg?resize=400%2C602&amp;ssl=1 400w, https:\/\/i0.wp.com\/www.o-p-i.fr\/parlonsen\/wp-content\/uploads\/videjardinautomne2016.jpg?w=1000&amp;ssl=1 1000w\" sizes=\"auto, (max-width: 199px) 100vw, 199px\" \/><\/a><figcaption id=\"caption-attachment-31088\" class=\"wp-caption-text\">Vies de Jardin &#8211; Automne 2016 &#8211; Saint-Urcisse (81)<\/figcaption><\/figure>\n<p style=\"text-align: justify;\">Lors de ce rendez-vous des jardiniers amateurs et professionnels, mais aussi des curieux de la nature, les activit\u00e9s autour du jardin seront une fois de plus d&rsquo;actualit\u00e9. Vide jardin, \u00e9change de plantes et\/ou de graines, de particulier \u00e0 particulier, producteurs et artisans locaux, seront l\u00e0 pour r\u00e9pondre au mieux aux attentes des jardiniers d\u00e9butants comme \u00e0 celles des experts en jardinage.<\/p>\n<p style=\"text-align: justify;\">Nous penserons bien s\u00fbr aux travaux pr\u00e9paratoires du printemps. Si vous n&rsquo;avez jamais entendu parler des plates-bandes en lasagnes ou de l\u2019utilisation des broyats, vous aurez l&rsquo;occasion de d\u00e9couvrir cette technique et, si elle vous s\u00e9duit, d&rsquo;envisager les premi\u00e8res \u00e9tapes de sa r\u00e9alisation. Des jardiniers engag\u00e9s dans ces diverses pratiques pourront t\u00e9moigner de leurs exp\u00e9riences et r\u00e9pondre \u00e0 vos questions, \u00e0 la lumi\u00e8re de leurs propres r\u00e9alisations.<\/p>\n<p style=\"text-align: justify;\">Les courges seront bien s\u00fbr \u00e0 l&rsquo;honneur en ce mois d&rsquo;automne et la restauration possible sur place vous permettra de d\u00e9guster, entre autres, des soupes \u00e0 base de cucurbitac\u00e9es dont les cuisini\u00e8res seront pr\u00eates \u00e0 vous d\u00e9voiler les secrets de composition.<\/p>\n<p><strong>Contact :<\/strong> Les Truffes<br \/>\nT\u00e9l. : 06 13 18 20 48<\/p>\n<p><em>Communiqu\u00e9 par MC MATE pour l&rsquo;association.<\/em><\/p>\n<p><span style=\"border-radius: 2px; text-indent: 20px; width: auto; padding: 0px 4px 0px 0px; text-align: center; font: bold 11px\/20px 'Helvetica Neue',Helvetica,sans-serif; color: #ffffff; background: #bd081c no-repeat scroll 3px 50% \/ 14px 14px; position: absolute; opacity: 1; z-index: 8675309; display: none; cursor: pointer; top: 139px; left: 669px;\">Enregistrer<\/span><\/p>\n<p><span style=\"border-radius: 2px; text-indent: 20px; width: auto; padding: 0px 4px 0px 0px; text-align: center; font: bold 11px\/20px 'Helvetica Neue',Helvetica,sans-serif; color: #ffffff; background: #bd081c no-repeat scroll 3px 50% \/ 14px 14px; position: absolute; opacity: 1; z-index: 8675309; display: none; cursor: pointer;\">Enregistrer<\/span><\/p>\n<p><span style=\"border-radius: 2px; text-indent: 20px; width: auto; padding: 0px 4px 0px 0px; text-align: center; font: bold 11px\/20px 'Helvetica Neue',Helvetica,sans-serif; color: #ffffff; background: #bd081c  no-repeat scroll 3px 50% \/ 14px 14px; position: absolute; opacity: 1; z-index: 8675309; display: none; cursor: pointer; top: 139px; left: 870px;\">Enregistrer<\/span><\/p>\n","protected":false},"excerpt":{"rendered":"<div class=\"mh-excerpt\">Vendredi 11 Novembre 2016, de 10h \u00e0 17h, \u00e0 l&rsquo;ext\u00e9rieur et \u00e0 l&rsquo;int\u00e9rieur dans la salle communale aura lieu l&rsquo;\u00e9dition d&rsquo;automne des 7\u00e8mes Vies de jardin de Saint-Urcisse.<\/div>\n","protected":false},"author":2,"featured_media":0,"comment_status":"open","ping_status":"open","sticky":false,"template":"","format":"standard","meta":{"om_disable_all_campaigns":false,"advanced_seo_description":"","jetpack_seo_html_title":"","jetpack_seo_noindex":false,"_jetpack_memberships_contains_paid_content":false,"footnotes":"","_links_to":"","_links_to_target":""},"categories":[3,51,4,129,1,55,54,704,18,2518],"tags":[116,119,330,688,702,715,961,2913],"class_list":{"0":"post-31087","1":"post","2":"type-post","3":"status-publish","4":"format-standard","6":"category-agriculture","7":"category-artisanat","8":"category-commerce","9":"category-vide-grenier","10":"category-culture","11":"category-environnement","12":"category-loisirs","13":"category-cest-lautomne","14":"category-saint-urcisse","15":"category-n-128-novembre-2016","16":"tag-change-plante","17":"tag-jardin","18":"tag-rencontre","19":"tag-jardinier-amateur","20":"tag-citrouille","21":"tag-automne","22":"tag-vide-jardin","23":"tag-saint-urcisse"},"jetpack_featured_media_url":"","views":{"total":0,"cached_at":"","cached_date":1738508586},"jetpack_likes_enabled":true,"jetpack_sharing_enabled":true,"jetpack_shortlink":"https:\/\/wp.me\/pg7Wxj-85p","jetpack-related-posts":[],"_links":{"self":[{"href":"https:\/\/www.o-p-i.fr\/parlonsen\/wp-json\/wp\/v2\/posts\/31087","targetHints":{"allow":["GET"]}}],"collection":[{"href":"https:\/\/www.o-p-i.fr\/parlonsen\/wp-json\/wp\/v2\/posts"}],"about":[{"href":"https:\/\/www.o-p-i.fr\/parlonsen\/wp-json\/wp\/v2\/types\/post"}],"author":[{"embeddable":true,"href":"https:\/\/www.o-p-i.fr\/parlonsen\/wp-json\/wp\/v2\/users\/2"}],"replies":[{"embeddable":true,"href":"https:\/\/www.o-p-i.fr\/parlonsen\/wp-json\/wp\/v2\/comments?post=31087"}],"version-history":[{"count":0,"href":"https:\/\/www.o-p-i.fr\/parlonsen\/wp-json\/wp\/v2\/posts\/31087\/revisions"}],"wp:attachment":[{"href":"https:\/\/www.o-p-i.fr\/parlonsen\/wp-json\/wp\/v2\/media?parent=31087"}],"wp:term":[{"taxonomy":"category","embeddable":true,"href":"https:\/\/www.o-p-i.fr\/parlonsen\/wp-json\/wp\/v2\/categories?post=31087"},{"taxonomy":"post_tag","embeddable":true,"href":"https:\/\/www.o-p-i.fr\/parlonsen\/wp-json\/wp\/v2\/tags?post=31087"}],"curies":[{"name":"wp","href":"https:\/\/api.w.org\/{rel}","templated":true}]}}