{"id":31150,"date":"2016-10-31T10:53:54","date_gmt":"2016-10-31T09:53:54","guid":{"rendered":"\/parlonsen\/?p=31150"},"modified":"2016-10-31T10:56:17","modified_gmt":"2016-10-31T09:56:17","slug":"appel-a-candidatures-residence-dartistes-a-villemur-sur-tarn-31","status":"publish","type":"post","link":"https:\/\/www.o-p-i.fr\/parlonsen\/parlons-en\/culture\/appel-a-candidatures-residence-dartistes-a-villemur-sur-tarn-31\/","title":{"rendered":"Appel \u00e0 candidatures &#8211; R\u00e9sidence d\u2019artistes &#8230;  \u00e0 Villemur sur Tarn (31)"},"content":{"rendered":"<p>La commune de Villemur sur Tarn souhaite accueillir des artistes plasticiens de toutes nationalit\u00e9s pour leur permettre de r\u00e9aliser un projet sp\u00e9cifique ou de poursuivre une recherche personnelle. D\u00e9p\u00f4t des dossiers <strong>avant le 1er D\u00e9cembre 2016<\/strong>. <!--more--><\/p>\n<figure id=\"attachment_31152\" aria-describedby=\"caption-attachment-31152\" style=\"width: 300px\" class=\"wp-caption alignright\"><a href=\"https:\/\/i0.wp.com\/www.o-p-i.fr\/parlonsen\/wp-content\/uploads\/villemursurtarnresidence.jpg?ssl=1\"><img data-recalc-dims=\"1\" loading=\"lazy\" decoding=\"async\" class=\"size-medium wp-image-31152\" src=\"https:\/\/i0.wp.com\/www.o-p-i.fr\/parlonsen\/wp-content\/uploads\/villemursurtarnresidence.jpg?resize=300%2C219&#038;ssl=1\" alt=\"R\u00e9sidence artistique 2017 - Commune de Villemur sur Tarn\" width=\"300\" height=\"219\" srcset=\"https:\/\/i0.wp.com\/www.o-p-i.fr\/parlonsen\/wp-content\/uploads\/villemursurtarnresidence.jpg?resize=300%2C219&amp;ssl=1 300w, https:\/\/i0.wp.com\/www.o-p-i.fr\/parlonsen\/wp-content\/uploads\/villemursurtarnresidence.jpg?resize=150%2C109&amp;ssl=1 150w, https:\/\/i0.wp.com\/www.o-p-i.fr\/parlonsen\/wp-content\/uploads\/villemursurtarnresidence.jpg?resize=400%2C292&amp;ssl=1 400w, https:\/\/i0.wp.com\/www.o-p-i.fr\/parlonsen\/wp-content\/uploads\/villemursurtarnresidence.jpg?w=666&amp;ssl=1 666w\" sizes=\"auto, (max-width: 300px) 100vw, 300px\" \/><\/a><figcaption id=\"caption-attachment-31152\" class=\"wp-caption-text\">R\u00e9sidence artistique 2017 &#8211; Commune de Villemur sur Tarn<\/figcaption><\/figure>\n<p style=\"text-align: justify;\">L\u2019objectif est de permettre aux artistes de trouver un \u00ab terrain d\u2019essai \u00bb permettant de mettre en valeur les \u0153uvres dans la ville et la ville par les \u0153uvres. Certaines \u0153uvres pourront \u00eatre \u00e9ph\u00e9m\u00e8res, d\u2019autre appel\u00e9es \u00e0 rester. Il n\u2019est pas demand\u00e9 d\u2019exposition dans un lieu clos, le projet \u00e9tant ouvert sur la ville, sectoris\u00e9e pour l\u2019occasion en 3 secteurs sur lesquels les artistes pourront intervenir de mani\u00e8re identifi\u00e9e ou collectivement. Afin de laisser la plus grande libert\u00e9 artistique, les lieux, les supports et les modalit\u00e9s d\u2019interventions ne sont pas pr\u00e9d\u00e9finis.<br \/>\nC\u2019est une exp\u00e9rience nourrie de contacts avec les habitants de Villemur sur Tarn, d\u2019autres artistes, le public, les associations, des scolaires, des op\u00e9rateurs culturels que la collectivit\u00e9 souhaite promouvoir\u2026<br \/>\nLa commune de Villemur sur Tarn dispose de services techniques, de supports de communications et d\u2019un charg\u00e9 de communication qui pourront \u00eatre mis \u00e0 disposition.<br \/>\nCommune centre de 6 000 habitants, Villemur sur Tarn est situ\u00e9e sur la rivi\u00e8re Tarn. Son centre-ville, rive droite, est de type m\u00e9di\u00e9val. La rive gauche est marqu\u00e9e par la pr\u00e9sence d\u2019une des friches industrielles les plus remarquables de France (1840-1935). La commune s\u2019\u00e9tend \u00e9galement sur 3<br \/>\nhameaux.<\/p>\n<p style=\"text-align: justify;\">Afin d\u2019accompagner le projet, un comit\u00e9 de pilotage a \u00e9t\u00e9 instaur\u00e9. Il est compos\u00e9 \u00e0 titre interne d\u2019\u00e9lus et d\u2019agents choisis pour leur implication \u00e0 divers titres (int\u00e9r\u00eats, techniques) et \u00e0 titre externe de professionnels de l&rsquo;art : responsable du Mus\u00e9e Calbet, Grisolles et directeur du centre d&rsquo;art La<br \/>\ncuisine, N\u00e8grepelisse. Ce comit\u00e9 sera charg\u00e9 de s\u00e9lectionner les candidats puis de suivre la r\u00e9sidence. Durant la r\u00e9sidence, les interlocuteurs privil\u00e9gi\u00e9s seront l\u2019\u00e9lu en charge de la culture et le Directeur G\u00e9n\u00e9ral des Services.<br \/>\nUn document de pr\u00e9sentation de Villemur sur Tarn est disponible sur demande.<\/p>\n<h4 style=\"text-align: center;\"><a href=\"https:\/\/www.o-p-i.fr\/parlonsen\/wp-content\/uploads\/residence_dartistes_villemur-tarn_2016.pdf\">[Modalit\u00e9s de la R\u00e9sidence]<\/a><\/h4>\n<p><strong>Contact :<\/strong> Mairie de Villemur sur Tarn<br \/>\nR\u00e9sidence Artistique<br \/>\nPlace Charles Ourgaut<br \/>\n31 340 Villemur Sur Tarn<br \/>\nCourriel : <a href=\"mailto:m.landie@mairie-villemur-sur-tarn.fr\">m.landie@mairie-villemur-sur-tarn.fr<\/a>\u00a0 ou <a href=\"mailto:v.darasse@mairie-villemur-sur-tarn.fr\">v.darasse@mairie-villemur-sur-tarn.fr<\/a><\/p>\n<p><em>Source : <a href=\"http:\/\/contemporaneitesdelart.fr\/appel-a-candidatures-residence-dartistes-a-villemur-sur-tarn\/\">http:\/\/contemporaneitesdelart.fr<\/a><\/em><\/p>\n<p><span style=\"border-radius: 2px; text-indent: 20px; width: auto; padding: 0px 4px 0px 0px; text-align: center; font: bold 11px\/20px 'Helvetica Neue',Helvetica,sans-serif; color: #ffffff; background: #bd081c  no-repeat scroll 3px 50% \/ 14px 14px; position: absolute; opacity: 1; z-index: 8675309; display: none; cursor: pointer; top: 139px; left: 769px;\">Enregistrer<\/span><\/p>\n","protected":false},"excerpt":{"rendered":"<div class=\"mh-excerpt\">La commune de Villemur sur Tarn souhaite accueillir des artistes plasticiens de toutes nationalit\u00e9s pour leur permettre de r\u00e9aliser un projet sp\u00e9cifique ou de poursuivre une recherche personnelle. D\u00e9p\u00f4t des dossiers avant le 1er D\u00e9cembre <a class=\"mh-excerpt-more\" href=\"https:\/\/www.o-p-i.fr\/parlonsen\/parlons-en\/culture\/appel-a-candidatures-residence-dartistes-a-villemur-sur-tarn-31\/\" title=\"Appel \u00e0 candidatures &#8211; R\u00e9sidence d\u2019artistes &#8230;  \u00e0 Villemur sur Tarn (31)\">[&#8230;]<\/a><\/div>\n","protected":false},"author":2,"featured_media":0,"comment_status":"open","ping_status":"open","sticky":false,"template":"","format":"standard","meta":{"om_disable_all_campaigns":false,"advanced_seo_description":"","jetpack_seo_html_title":"","jetpack_seo_noindex":false,"_jetpack_memberships_contains_paid_content":false,"footnotes":"","_links_to":"","_links_to_target":""},"categories":[42,1,54,2518,2519],"tags":[228,419,450,2629,200],"class_list":{"0":"post-31150","1":"post","2":"type-post","3":"status-publish","4":"format-standard","6":"category-a-cote-de-chez-nous","7":"category-culture","8":"category-loisirs","9":"category-n-128-novembre-2016","10":"category-n-129-decembre-2016","11":"tag-patrimoine","12":"tag-artiste","13":"tag-villemur-sur-tarn","14":"tag-residence","15":"tag-art"},"jetpack_featured_media_url":"","views":{"total":0,"cached_at":"","cached_date":1738493785},"jetpack_likes_enabled":true,"jetpack_sharing_enabled":true,"jetpack_shortlink":"https:\/\/wp.me\/pg7Wxj-86q","jetpack-related-posts":[],"_links":{"self":[{"href":"https:\/\/www.o-p-i.fr\/parlonsen\/wp-json\/wp\/v2\/posts\/31150","targetHints":{"allow":["GET"]}}],"collection":[{"href":"https:\/\/www.o-p-i.fr\/parlonsen\/wp-json\/wp\/v2\/posts"}],"about":[{"href":"https:\/\/www.o-p-i.fr\/parlonsen\/wp-json\/wp\/v2\/types\/post"}],"author":[{"embeddable":true,"href":"https:\/\/www.o-p-i.fr\/parlonsen\/wp-json\/wp\/v2\/users\/2"}],"replies":[{"embeddable":true,"href":"https:\/\/www.o-p-i.fr\/parlonsen\/wp-json\/wp\/v2\/comments?post=31150"}],"version-history":[{"count":0,"href":"https:\/\/www.o-p-i.fr\/parlonsen\/wp-json\/wp\/v2\/posts\/31150\/revisions"}],"wp:attachment":[{"href":"https:\/\/www.o-p-i.fr\/parlonsen\/wp-json\/wp\/v2\/media?parent=31150"}],"wp:term":[{"taxonomy":"category","embeddable":true,"href":"https:\/\/www.o-p-i.fr\/parlonsen\/wp-json\/wp\/v2\/categories?post=31150"},{"taxonomy":"post_tag","embeddable":true,"href":"https:\/\/www.o-p-i.fr\/parlonsen\/wp-json\/wp\/v2\/tags?post=31150"}],"curies":[{"name":"wp","href":"https:\/\/api.w.org\/{rel}","templated":true}]}}