{"id":31383,"date":"2016-11-22T19:49:27","date_gmt":"2016-11-22T18:49:27","guid":{"rendered":"\/parlonsen\/?p=31383"},"modified":"2016-11-22T19:49:27","modified_gmt":"2016-11-22T18:49:27","slug":"concours-de-dessin-le-pere-noel-a-travers-le-temps-a-saint-nauphary-82","status":"publish","type":"post","link":"https:\/\/www.o-p-i.fr\/parlonsen\/parlons-en\/culture\/concours-de-dessin-le-pere-noel-a-travers-le-temps-a-saint-nauphary-82\/","title":{"rendered":"[Concours de Dessin] Le P\u00e8re No\u00ebl \u00e0 travers le temps &#8230; \u00e0 Saint-Nauphary (82)"},"content":{"rendered":"<p>L\u2019Association ST NO\u2019LIVRES organise un concours de dessins sur le th\u00e8me de No\u00ebl. <strong>Date limite : 3 d\u00e9cembre 2016.<\/strong> <!--more--><\/p>\n<p>Ainsi tous les enfants de moins de 12 ans (cr\u00e9ation personnelle de l\u2019enfant) qui souhaitent y participer doivent d\u00e9poser leur dessin (sur papier format A4) \u00e0 la M\u00e9diath\u00e8que au plus tard le samedi 3 d\u00e9cembre 2016.<br \/>\nAu dos du dessin veuillez inscrire : Nom, pr\u00e9nom, \u00e2ge, classe, adresse et n\u00b0 de t\u00e9l\u00e9phone.<br \/>\nUn Jury se r\u00e9unira pour d\u00e9lib\u00e9rer et attribuer les prix par classe.<\/p>\n<p>La remise des prix se d\u00e9roulera le <strong>mercredi 14 d\u00e9cembre 2016<\/strong> \u00e0 partir de 17 h 30 \u00e0 la M\u00e9diath\u00e8que.<\/p>\n<p>Par la suite tous les dessins seront affich\u00e9s \u00e0 la M\u00e9diath\u00e8que suivant votre accord.<br \/>\nSoyez nombreux \u00e0 participer de nombreux lots \u00e0 gagner.<\/p>\n<p><strong>Contact :<\/strong> <a href=\"https:\/\/www.o-p-i.fr\/aupays\/annuaire\/loisirs\/st-nolivres\/\" rel=\"bookmark\">St No\u2019Livres<\/a><\/p>\n<div class=\"entry-thumbnails\"><a href=\"https:\/\/www.o-p-i.fr\/aupays\/annuaire\/loisirs\/st-nolivres\/\"><img decoding=\"async\" title=\"St No\u2019Livres\" src=\"https:\/\/www.o-p-i.fr\/aupays\/wp-content\/themes\/arras-theme\/library\/timthumb.php?src=https:\/\/www.o-p-i.fr\/aupays\/wp-content\/uploads\/logo_stnolivres.jpg&amp;w=190&amp;h=100&amp;zc=1\" alt=\"St No\u2019Livres\" \/><\/a><span class=\"entry-meta\"><abbr class=\"published\" title=\"2016-10-06T13:20:22+00:00\">&#8230;<\/abbr><\/span><\/div>\n<div class=\"entry-thumbnails\"><em>Communiqu\u00e9 par Isabelle SERNY<\/em><\/div>\n<h3 class=\"entry-title\"><\/h3>\n","protected":false},"excerpt":{"rendered":"<div class=\"mh-excerpt\">L\u2019Association ST NO\u2019LIVRES organise un concours de dessins sur le th\u00e8me de No\u00ebl. Date limite : 3 d\u00e9cembre 2016.<\/div>\n","protected":false},"author":2,"featured_media":0,"comment_status":"open","ping_status":"open","sticky":false,"template":"","format":"standard","meta":{"om_disable_all_campaigns":false,"advanced_seo_description":"","jetpack_seo_html_title":"","jetpack_seo_noindex":false,"_jetpack_memberships_contains_paid_content":false,"footnotes":"","_links_to":"","_links_to_target":""},"categories":[1,54,775,17,2519],"tags":[2542,131,323,354,554],"class_list":{"0":"post-31383","1":"post","2":"type-post","3":"status-publish","4":"format-standard","6":"category-culture","7":"category-loisirs","8":"category-cest-noel","9":"category-saint_nauphary","10":"category-n-129-decembre-2016","11":"tag-saint_nauphary","12":"tag-noel","13":"tag-enfant","14":"tag-concours","15":"tag-dessin"},"jetpack_featured_media_url":"","views":{"total":0,"cached_at":"","cached_date":1738463896},"jetpack_likes_enabled":true,"jetpack_sharing_enabled":true,"jetpack_shortlink":"https:\/\/wp.me\/pg7Wxj-8ab","jetpack-related-posts":[],"_links":{"self":[{"href":"https:\/\/www.o-p-i.fr\/parlonsen\/wp-json\/wp\/v2\/posts\/31383","targetHints":{"allow":["GET"]}}],"collection":[{"href":"https:\/\/www.o-p-i.fr\/parlonsen\/wp-json\/wp\/v2\/posts"}],"about":[{"href":"https:\/\/www.o-p-i.fr\/parlonsen\/wp-json\/wp\/v2\/types\/post"}],"author":[{"embeddable":true,"href":"https:\/\/www.o-p-i.fr\/parlonsen\/wp-json\/wp\/v2\/users\/2"}],"replies":[{"embeddable":true,"href":"https:\/\/www.o-p-i.fr\/parlonsen\/wp-json\/wp\/v2\/comments?post=31383"}],"version-history":[{"count":0,"href":"https:\/\/www.o-p-i.fr\/parlonsen\/wp-json\/wp\/v2\/posts\/31383\/revisions"}],"wp:attachment":[{"href":"https:\/\/www.o-p-i.fr\/parlonsen\/wp-json\/wp\/v2\/media?parent=31383"}],"wp:term":[{"taxonomy":"category","embeddable":true,"href":"https:\/\/www.o-p-i.fr\/parlonsen\/wp-json\/wp\/v2\/categories?post=31383"},{"taxonomy":"post_tag","embeddable":true,"href":"https:\/\/www.o-p-i.fr\/parlonsen\/wp-json\/wp\/v2\/tags?post=31383"}],"curies":[{"name":"wp","href":"https:\/\/api.w.org\/{rel}","templated":true}]}}