{"id":31437,"date":"2016-12-01T09:39:14","date_gmt":"2016-12-01T08:39:14","guid":{"rendered":"\/parlonsen\/?p=31437"},"modified":"2016-12-01T09:39:14","modified_gmt":"2016-12-01T08:39:14","slug":"nouvel-elan-pour-les-restos-du-coeur-a-monclar-de-quercy-82","status":"publish","type":"post","link":"https:\/\/www.o-p-i.fr\/parlonsen\/localisation\/au-pays-des-tescous\/monclar\/nouvel-elan-pour-les-restos-du-coeur-a-monclar-de-quercy-82\/","title":{"rendered":"Nouvel \u00e9lan pour les Restos du C\u0153ur &#8230; \u00e0 Monclar de Quercy (82)"},"content":{"rendered":"<p>Le local \u00ab\u00a0restosducoeur\u00a0\u00bb situ\u00e9 \u00e0 l&rsquo;ancienne cantine de l&rsquo;\u00e9cole primaire a d\u00e9m\u00e9nag\u00e9 \u00ab\u00a0Salle de la sallette\u00a0\u00bb, sur une\u00a0superficie de 65 m2.<!--more--><\/p>\n<p>Des travaux de r\u00e9novation en peinture ont \u00e9t\u00e9 r\u00e9alis\u00e9s par des b\u00e9n\u00e9voles de Montauban.<\/p>\n<p>Pour \u00e9toffer et renouveler une partie de l&rsquo;\u00e9quipe pr\u00e9c\u00e9dente, nous avons besoin de b\u00e9n\u00e9voles d\u00e9sirant aider des personnes en difficult\u00e9s et participer \u00e0 l&rsquo;organisation de la distribution de nourritures. D&rsquo;autres activit\u00e9s sont possibles dans le cadre de l&rsquo;aide aux personnes venant aux resto.<\/p>\n<p><strong>Contact :<\/strong> <a href=\"https:\/\/www.o-p-i.fr\/aupays\/vie-des-communes\/vie-a-monclar-de-quercy\/les-restos-du-coeur-monclar-de-quercy\/\" rel=\"bookmark\">Les Restos du C\u0153ur \u2013 Monclar de Quercy<\/a><\/p>\n<div class=\"entry-thumbnails\"><a href=\"https:\/\/www.o-p-i.fr\/aupays\/vie-des-communes\/vie-a-monclar-de-quercy\/les-restos-du-coeur-monclar-de-quercy\/\"><img decoding=\"async\" title=\"Les Restos du C\u0153ur \u2013 Monclar de Quercy\" src=\"https:\/\/www.o-p-i.fr\/aupays\/wp-content\/themes\/arras-theme\/library\/timthumb.php?src=https:\/\/www.o-p-i.fr\/aupays\/wp-content\/uploads\/restoducoeur.jpg&amp;w=190&amp;h=100&amp;zc=1\" alt=\"Les Restos du C\u0153ur \u2013 Monclar de Quercy\" \/><\/a><span class=\"entry-meta\"><abbr class=\"published\" title=\"2016-12-01T09:36:22+00:00\">&#8230;<\/abbr><\/span><\/div>\n<div class=\"entry-thumbnails\"><em>Communiqu\u00e9 par Jean-Claude DELBOSC<\/em><\/div>\n<h3 class=\"entry-title\"><\/h3>\n","protected":false},"excerpt":{"rendered":"<div class=\"mh-excerpt\">Le local \u00ab\u00a0restosducoeur\u00a0\u00bb situ\u00e9 \u00e0 l&rsquo;ancienne cantine de l&rsquo;\u00e9cole primaire a d\u00e9m\u00e9nag\u00e9 \u00ab\u00a0Salle de la sallette\u00a0\u00bb, sur une\u00a0superficie de 65 m2.<\/div>\n","protected":false},"author":2,"featured_media":0,"comment_status":"open","ping_status":"open","sticky":false,"template":"","format":"standard","meta":{"om_disable_all_campaigns":false,"advanced_seo_description":"","jetpack_seo_html_title":"","jetpack_seo_noindex":false,"_jetpack_memberships_contains_paid_content":false,"footnotes":"","_links_to":"","_links_to_target":""},"categories":[16,54,291,2519],"tags":[143,2571,767,1157],"class_list":{"0":"post-31437","1":"post","2":"type-post","3":"status-publish","4":"format-standard","6":"category-monclar","7":"category-loisirs","8":"category-solidarite","9":"category-n-129-decembre-2016","10":"tag-monclar-de-quercy","11":"tag-solidarite","12":"tag-restos-du-coeur","13":"tag-benevoles"},"jetpack_featured_media_url":"","views":{"total":3,"cached_at":"","cached_date":1738496057},"jetpack_likes_enabled":true,"jetpack_sharing_enabled":true,"jetpack_shortlink":"https:\/\/wp.me\/pg7Wxj-8b3","jetpack-related-posts":[],"_links":{"self":[{"href":"https:\/\/www.o-p-i.fr\/parlonsen\/wp-json\/wp\/v2\/posts\/31437","targetHints":{"allow":["GET"]}}],"collection":[{"href":"https:\/\/www.o-p-i.fr\/parlonsen\/wp-json\/wp\/v2\/posts"}],"about":[{"href":"https:\/\/www.o-p-i.fr\/parlonsen\/wp-json\/wp\/v2\/types\/post"}],"author":[{"embeddable":true,"href":"https:\/\/www.o-p-i.fr\/parlonsen\/wp-json\/wp\/v2\/users\/2"}],"replies":[{"embeddable":true,"href":"https:\/\/www.o-p-i.fr\/parlonsen\/wp-json\/wp\/v2\/comments?post=31437"}],"version-history":[{"count":0,"href":"https:\/\/www.o-p-i.fr\/parlonsen\/wp-json\/wp\/v2\/posts\/31437\/revisions"}],"wp:attachment":[{"href":"https:\/\/www.o-p-i.fr\/parlonsen\/wp-json\/wp\/v2\/media?parent=31437"}],"wp:term":[{"taxonomy":"category","embeddable":true,"href":"https:\/\/www.o-p-i.fr\/parlonsen\/wp-json\/wp\/v2\/categories?post=31437"},{"taxonomy":"post_tag","embeddable":true,"href":"https:\/\/www.o-p-i.fr\/parlonsen\/wp-json\/wp\/v2\/tags?post=31437"}],"curies":[{"name":"wp","href":"https:\/\/api.w.org\/{rel}","templated":true}]}}