{"id":31480,"date":"2016-12-06T23:46:47","date_gmt":"2016-12-06T22:46:47","guid":{"rendered":"\/parlonsen\/?p=31480"},"modified":"2016-12-06T23:52:17","modified_gmt":"2016-12-06T22:52:17","slug":"cine-monclar-le-programme-du-9-decembre-2016-au-janvier-2017","status":"publish","type":"post","link":"https:\/\/www.o-p-i.fr\/parlonsen\/parlons-en\/culture\/cine-monclar-le-programme-du-9-decembre-2016-au-janvier-2017\/","title":{"rendered":"Cin\u00e9 Monclar, le programme du 9 D\u00e9cembre 2016 au Janvier 2017."},"content":{"rendered":"<p>A vos agendas ! Voil\u00e0 le programme de Cin\u00e9 Monclar <strong>du 9 D\u00e9cembre 2016 au Janvier 2017<\/strong>.<!--more--><\/p>\n<figure id=\"attachment_31482\" aria-describedby=\"caption-attachment-31482\" style=\"width: 400px\" class=\"wp-caption alignright\"><a href=\"https:\/\/i0.wp.com\/www.o-p-i.fr\/parlonsen\/wp-content\/uploads\/cinemonclar_mademoiselle.jpg?ssl=1\"><img data-recalc-dims=\"1\" loading=\"lazy\" decoding=\"async\" class=\"wp-image-31482\" src=\"https:\/\/i0.wp.com\/www.o-p-i.fr\/parlonsen\/wp-content\/uploads\/cinemonclar_mademoiselle.jpg?resize=400%2C544&#038;ssl=1\" alt=\"Mademoiselle - Cin\u00e9monclar\" width=\"400\" height=\"544\" srcset=\"https:\/\/i0.wp.com\/www.o-p-i.fr\/parlonsen\/wp-content\/uploads\/cinemonclar_mademoiselle.jpg?resize=753%2C1024&amp;ssl=1 753w, https:\/\/i0.wp.com\/www.o-p-i.fr\/parlonsen\/wp-content\/uploads\/cinemonclar_mademoiselle.jpg?resize=221%2C300&amp;ssl=1 221w, https:\/\/i0.wp.com\/www.o-p-i.fr\/parlonsen\/wp-content\/uploads\/cinemonclar_mademoiselle.jpg?resize=768%2C1045&amp;ssl=1 768w, https:\/\/i0.wp.com\/www.o-p-i.fr\/parlonsen\/wp-content\/uploads\/cinemonclar_mademoiselle.jpg?resize=110%2C150&amp;ssl=1 110w, https:\/\/i0.wp.com\/www.o-p-i.fr\/parlonsen\/wp-content\/uploads\/cinemonclar_mademoiselle.jpg?resize=400%2C544&amp;ssl=1 400w, https:\/\/i0.wp.com\/www.o-p-i.fr\/parlonsen\/wp-content\/uploads\/cinemonclar_mademoiselle.jpg?w=794&amp;ssl=1 794w\" sizes=\"auto, (max-width: 400px) 100vw, 400px\" \/><\/a><figcaption id=\"caption-attachment-31482\" class=\"wp-caption-text\">Mademoiselle &#8211; Cin\u00e9monclar<\/figcaption><\/figure>\n<p>LA FOLLE HISTOIRE DE MAX ET L\u00c9ON <a href=\"https:\/\/www.o-p-i.fr\/parlonsen\/wp-content\/uploads\/cinemonclardecjanv2017.pdf\">En savoir +<\/a><br \/>\nVendredi 9 d\u00e9cembre \u00e0 20h30<\/p>\n<p>LA GRANDE COURSE AU FROMAGE <a href=\"https:\/\/www.o-p-i.fr\/parlonsen\/wp-content\/uploads\/cinemonclardecjanv2017.pdf\">En savoir +<\/a><br \/>\nDimanche 11\u00a0d\u00e9cembre \u00e0 16h<\/p>\n<p>MADEMOISELLE (VO) <a href=\"https:\/\/www.o-p-i.fr\/parlonsen\/wp-content\/uploads\/cinemonclardecjanv2017.pdf\">En savoir +<\/a><br \/>\nMardi 13 d\u00e9cembre \u00e0 20h30<\/p>\n<p>LES T\u00caTES DE L\u2019EMPLOI <a href=\"https:\/\/www.o-p-i.fr\/parlonsen\/wp-content\/uploads\/cinemonclardecjanv2017.pdf\">En savoir +<\/a><br \/>\nVendredi 16 d\u00e9cembre \u00e0 20h30<\/p>\n<p>WALLACE ET GROMIT \u2013 LES INVENTURIERS <a href=\"https:\/\/www.o-p-i.fr\/parlonsen\/wp-content\/uploads\/cinemonclardecjanv2017.pdf\">En savoir +<\/a><br \/>\nDimanche 18 d\u00e9cembre \u00e0 16h (Tarif unique 3\u20ac)<\/p>\n<p>TANNA (VO) <a href=\"https:\/\/www.o-p-i.fr\/parlonsen\/wp-content\/uploads\/cinemonclardecjanv2017.pdf\">En savoir +<\/a><br \/>\nMardi 20 d\u00e9cembre \u00e0 20h30<\/p>\n<p>ALLI\u00c9S <a href=\"https:\/\/www.o-p-i.fr\/parlonsen\/wp-content\/uploads\/cinemonclardecjanv2017.pdf\">En savoir +<\/a><br \/>\nVendredi 23 d\u00e9cembre \u00e0 20h30<\/p>\n<p>LES ANIMAUX FANTASTIQUES (3D) <a href=\"https:\/\/www.o-p-i.fr\/parlonsen\/wp-content\/uploads\/cinemonclardecjanv2017.pdf\">En savoir +<\/a><br \/>\nDimanche 25 d\u00e9cembre \u00e0 16h<\/p>\n<p>TOUR DE FRANCE <a href=\"https:\/\/www.o-p-i.fr\/parlonsen\/wp-content\/uploads\/cinemonclardecjanv2017.pdf\">En savoir +<\/a><br \/>\nMardi 27 d\u00e9cembre \u00e0 20h30<\/p>\n<p>DEMAIN TOUT COMMENCE <a href=\"https:\/\/www.o-p-i.fr\/parlonsen\/wp-content\/uploads\/cinemonclardecjanv2017.pdf\">En savoir +<\/a><br \/>\nVendredi 30 d\u00e9cembre \u00e0 20h30<\/p>\n<p>VAIANA, LA LEGENDE DU BOUT DU MONDE <a href=\"https:\/\/www.o-p-i.fr\/parlonsen\/wp-content\/uploads\/cinemonclardecjanv2017.pdf\">En savoir +<\/a><br \/>\nDimanche 1 janvier \u00e0 16h<\/p>\n<p>WOLF AND SHEEP (VO) <a href=\"https:\/\/www.o-p-i.fr\/parlonsen\/wp-content\/uploads\/cinemonclardecjanv2017.pdf\">En savoir +<\/a><br \/>\nMardi 3 janvier \u00e0 20h30<\/p>\n<p><a title=\"Cliquez pour ouvrir la fiche dans l'annuaire\" href=\"https:\/\/www.o-p-i.fr\/aupays\/annuaire\/loisirs\/cine-monclar\/\"><strong>D\u00e9couvrez\u00a0 les bandes annonces sur le site du cin\u00e9ma.<\/strong><\/a><\/p>\n<p><strong>Contact : <\/strong><a href=\"https:\/\/www.o-p-i.fr\/aupays\/annuaire\/loisirs\/cine-monclar\/\" rel=\"bookmark\">Cin\u00e9 Monclar<br \/>\n<\/a><a href=\"https:\/\/www.o-p-i.fr\/aupays\/annuaire\/loisirs\/cine-monclar\/\"><img decoding=\"async\" title=\"Cin\u00e9 Monclar\" src=\"https:\/\/www.o-p-i.fr\/aupays\/wp-content\/themes\/arras-theme\/library\/timthumb.php?src=https:\/\/www.o-p-i.fr\/aupays\/wp-content\/uploads\/logo_cinemonclar2.jpg&amp;w=190&amp;h=100&amp;zc=1\" alt=\"Cin\u00e9 Monclar\" \/><\/a><\/p>\n<p><em>Communiqu\u00e9 par Les Amis du Cin\u00e9ma<\/em><\/p>\n<p><span style=\"border-radius: 2px; text-indent: 20px; width: auto; padding: 0px 4px 0px 0px; text-align: center; font: bold 11px\/20px 'Helvetica Neue',Helvetica,sans-serif; color: #ffffff; background: #bd081c no-repeat scroll 3px 50% \/ 14px 14px; position: absolute; opacity: 1; z-index: 8675309; display: none; cursor: pointer; top: 115px; left: 669px;\">Enregistrer<\/span><\/p>\n<p><span style=\"border-radius: 2px; text-indent: 20px; width: auto; padding: 0px 4px 0px 0px; text-align: center; font: bold 11px\/20px 'Helvetica Neue',Helvetica,sans-serif; color: #ffffff; background: #bd081c  no-repeat scroll 3px 50% \/ 14px 14px; position: absolute; opacity: 1; z-index: 8675309; display: none; cursor: pointer; top: 115px; left: 669px;\">Enregistrer<\/span><\/p>\n","protected":false},"excerpt":{"rendered":"<div class=\"mh-excerpt\">A vos agendas ! Voil\u00e0 le programme de Cin\u00e9 Monclar du 9 D\u00e9cembre 2016 au Janvier 2017.<\/div>\n","protected":false},"author":2,"featured_media":0,"comment_status":"open","ping_status":"open","sticky":false,"template":"","format":"standard","meta":{"om_disable_all_campaigns":false,"advanced_seo_description":"","jetpack_seo_html_title":"","jetpack_seo_noindex":false,"_jetpack_memberships_contains_paid_content":false,"footnotes":"","_links_to":"","_links_to_target":""},"categories":[1,2603,16,54,6,2519],"tags":[92,143,1766,1767,1768,1833],"class_list":{"0":"post-31480","1":"post","2":"type-post","3":"status-publish","4":"format-standard","6":"category-culture","7":"category-n-130-janvier-2017","8":"category-monclar","9":"category-loisirs","10":"category-pratique","11":"category-n-129-decembre-2016","12":"tag-cine","13":"tag-monclar-de-quercy","14":"tag-cinema","15":"tag-cinema-numerique","16":"tag-cinemonclar","17":"tag-programme-cinema"},"jetpack_featured_media_url":"","views":{"total":0,"cached_at":"","cached_date":1738259834},"jetpack_likes_enabled":true,"jetpack_sharing_enabled":true,"jetpack_shortlink":"https:\/\/wp.me\/pg7Wxj-8bK","jetpack-related-posts":[],"_links":{"self":[{"href":"https:\/\/www.o-p-i.fr\/parlonsen\/wp-json\/wp\/v2\/posts\/31480","targetHints":{"allow":["GET"]}}],"collection":[{"href":"https:\/\/www.o-p-i.fr\/parlonsen\/wp-json\/wp\/v2\/posts"}],"about":[{"href":"https:\/\/www.o-p-i.fr\/parlonsen\/wp-json\/wp\/v2\/types\/post"}],"author":[{"embeddable":true,"href":"https:\/\/www.o-p-i.fr\/parlonsen\/wp-json\/wp\/v2\/users\/2"}],"replies":[{"embeddable":true,"href":"https:\/\/www.o-p-i.fr\/parlonsen\/wp-json\/wp\/v2\/comments?post=31480"}],"version-history":[{"count":0,"href":"https:\/\/www.o-p-i.fr\/parlonsen\/wp-json\/wp\/v2\/posts\/31480\/revisions"}],"wp:attachment":[{"href":"https:\/\/www.o-p-i.fr\/parlonsen\/wp-json\/wp\/v2\/media?parent=31480"}],"wp:term":[{"taxonomy":"category","embeddable":true,"href":"https:\/\/www.o-p-i.fr\/parlonsen\/wp-json\/wp\/v2\/categories?post=31480"},{"taxonomy":"post_tag","embeddable":true,"href":"https:\/\/www.o-p-i.fr\/parlonsen\/wp-json\/wp\/v2\/tags?post=31480"}],"curies":[{"name":"wp","href":"https:\/\/api.w.org\/{rel}","templated":true}]}}