{"id":31585,"date":"2016-12-15T16:41:42","date_gmt":"2016-12-15T15:41:42","guid":{"rendered":"\/parlonsen\/?p=31585"},"modified":"2016-12-15T16:41:42","modified_gmt":"2016-12-15T15:41:42","slug":"bal-occitan-et-reveillon-partage-a-monclar-de-quercy-82-3","status":"publish","type":"post","link":"https:\/\/www.o-p-i.fr\/parlonsen\/localisation\/au-pays-des-tescous\/monclar\/bal-occitan-et-reveillon-partage-a-monclar-de-quercy-82-3\/","title":{"rendered":"Bal occitan et R\u00e9veillon partage &#8230; \u00e0 Monclar de Quercy (82)"},"content":{"rendered":"<p style=\"text-align: justify;\">Comme cela se fait depuis une quinzaine d&rsquo;ann\u00e9es, le R\u00e9veil occitan de Tarn et Garonne organise, le <strong>Samedi 31 D\u00e9cembre 2016<\/strong> son traditionnel R\u00e9veillon partage \u00e0 la salle des f\u00eates du groupe scolaire. <!--more--><\/p>\n<figure id=\"attachment_31586\" aria-describedby=\"caption-attachment-31586\" style=\"width: 300px\" class=\"wp-caption alignright\"><a href=\"https:\/\/i0.wp.com\/www.o-p-i.fr\/parlonsen\/wp-content\/uploads\/reveillonpartage-baloccitan.jpg?ssl=1\"><img data-recalc-dims=\"1\" loading=\"lazy\" decoding=\"async\" class=\"size-medium wp-image-31586\" src=\"https:\/\/i0.wp.com\/www.o-p-i.fr\/parlonsen\/wp-content\/uploads\/reveillonpartage-baloccitan.jpg?resize=300%2C200&#038;ssl=1\" alt=\"Bal occitan et R\u00e9veillon partage ... \u00e0 Monclar de Quercy (82)\" width=\"300\" height=\"200\" srcset=\"https:\/\/i0.wp.com\/www.o-p-i.fr\/parlonsen\/wp-content\/uploads\/reveillonpartage-baloccitan.jpg?resize=300%2C200&amp;ssl=1 300w, https:\/\/i0.wp.com\/www.o-p-i.fr\/parlonsen\/wp-content\/uploads\/reveillonpartage-baloccitan.jpg?resize=768%2C512&amp;ssl=1 768w, https:\/\/i0.wp.com\/www.o-p-i.fr\/parlonsen\/wp-content\/uploads\/reveillonpartage-baloccitan.jpg?resize=1024%2C683&amp;ssl=1 1024w, https:\/\/i0.wp.com\/www.o-p-i.fr\/parlonsen\/wp-content\/uploads\/reveillonpartage-baloccitan.jpg?resize=150%2C100&amp;ssl=1 150w, https:\/\/i0.wp.com\/www.o-p-i.fr\/parlonsen\/wp-content\/uploads\/reveillonpartage-baloccitan.jpg?resize=400%2C267&amp;ssl=1 400w, https:\/\/i0.wp.com\/www.o-p-i.fr\/parlonsen\/wp-content\/uploads\/reveillonpartage-baloccitan.jpg?w=1500&amp;ssl=1 1500w\" sizes=\"auto, (max-width: 300px) 100vw, 300px\" \/><\/a><figcaption id=\"caption-attachment-31586\" class=\"wp-caption-text\">Bal occitan et R\u00e9veillon partage &#8230; \u00e0 Monclar de Quercy (82)<\/figcaption><\/figure>\n<p>L&rsquo;animation musicale exclusivement occitane sera assur\u00e9e par le groupe Occitania et autres musiciens traditionnels pr\u00e9sents qui compl\u00e8teront harmonieusement l&rsquo;ambiance festive de cette soir\u00e9e d\u00e9di\u00e9e \u00e0 la danse traditionnelle et aux valeurs authentiques de la culture occitane.<\/p>\n<p><strong>Tarifs :<\/strong><br \/>\nAdultes 20\u20ac\u00a0+ un plat sal\u00e9 ou sucr\u00e9.<br \/>\nEnfants : 6\u20ac<\/p>\n<p>R\u00e9servation obligatoire.<\/p>\n<p><strong>Contact : <\/strong><a href=\"https:\/\/www.o-p-i.fr\/aupays\/annuaire\/loisirs\/reveil-occitan\/\" rel=\"bookmark\">R\u00e9veil Occitan <\/a><\/p>\n<div class=\"entry-thumbnails\"><a href=\"https:\/\/www.o-p-i.fr\/aupays\/annuaire\/loisirs\/reveil-occitan\/\"><img decoding=\"async\" title=\"R\u00e9veil Occitan\" src=\"https:\/\/www.o-p-i.fr\/aupays\/wp-content\/themes\/arras-theme\/library\/timthumb.php?src=https:\/\/www.o-p-i.fr\/aupays\/wp-content\/uploads\/logo_reveiloccitan.jpg&amp;w=190&amp;h=100&amp;zc=1\" alt=\"R\u00e9veil Occitan\" \/><\/a><span class=\"entry-meta\"><abbr class=\"published\" title=\"2016-11-14T20:00:10+00:00\">&#8230;<\/abbr><\/span><\/div>\n<p class=\"entry-title\">T\u00e9l. : 05 63 66 15 94 (Line)<\/p>\n<p><em><br \/>\nCommuniqu\u00e9 par Robert LINAS<\/em><\/p>\n<p><span style=\"border-radius: 2px; text-indent: 20px; width: auto; padding: 0px 4px 0px 0px; text-align: center; font: bold 11px\/20px 'Helvetica Neue',Helvetica,sans-serif; color: #ffffff; background: #bd081c  no-repeat scroll 3px 50% \/ 14px 14px; position: absolute; opacity: 1; z-index: 8675309; display: none; cursor: pointer; top: 139px; left: 769px;\">Enregistrer<\/span><\/p>\n","protected":false},"excerpt":{"rendered":"<div class=\"mh-excerpt\">Comme cela se fait depuis une quinzaine d&rsquo;ann\u00e9es, le R\u00e9veil occitan de Tarn et Garonne organise, le Samedi 31 D\u00e9cembre 2016 son traditionnel R\u00e9veillon partage \u00e0 la salle des f\u00eates du groupe scolaire.<\/div>\n","protected":false},"author":2,"featured_media":0,"comment_status":"open","ping_status":"open","sticky":false,"template":"","format":"standard","meta":{"om_disable_all_campaigns":false,"advanced_seo_description":"","jetpack_seo_html_title":"","jetpack_seo_noindex":false,"_jetpack_memberships_contains_paid_content":false,"footnotes":"","_links_to":"","_links_to_target":""},"categories":[16,54,2519],"tags":[133,156,157,176,838,2015],"class_list":{"0":"post-31585","1":"post","2":"type-post","3":"status-publish","4":"format-standard","6":"category-monclar","7":"category-loisirs","8":"category-n-129-decembre-2016","9":"tag-occitanie","10":"tag-bal","11":"tag-repas","12":"tag-reveillon","13":"tag-reveil-occitan","14":"tag-bal-occitan"},"jetpack_featured_media_url":"","views":{"total":1,"cached_at":"","cached_date":1738480846},"jetpack_likes_enabled":true,"jetpack_sharing_enabled":true,"jetpack_shortlink":"https:\/\/wp.me\/pg7Wxj-8dr","jetpack-related-posts":[],"_links":{"self":[{"href":"https:\/\/www.o-p-i.fr\/parlonsen\/wp-json\/wp\/v2\/posts\/31585","targetHints":{"allow":["GET"]}}],"collection":[{"href":"https:\/\/www.o-p-i.fr\/parlonsen\/wp-json\/wp\/v2\/posts"}],"about":[{"href":"https:\/\/www.o-p-i.fr\/parlonsen\/wp-json\/wp\/v2\/types\/post"}],"author":[{"embeddable":true,"href":"https:\/\/www.o-p-i.fr\/parlonsen\/wp-json\/wp\/v2\/users\/2"}],"replies":[{"embeddable":true,"href":"https:\/\/www.o-p-i.fr\/parlonsen\/wp-json\/wp\/v2\/comments?post=31585"}],"version-history":[{"count":0,"href":"https:\/\/www.o-p-i.fr\/parlonsen\/wp-json\/wp\/v2\/posts\/31585\/revisions"}],"wp:attachment":[{"href":"https:\/\/www.o-p-i.fr\/parlonsen\/wp-json\/wp\/v2\/media?parent=31585"}],"wp:term":[{"taxonomy":"category","embeddable":true,"href":"https:\/\/www.o-p-i.fr\/parlonsen\/wp-json\/wp\/v2\/categories?post=31585"},{"taxonomy":"post_tag","embeddable":true,"href":"https:\/\/www.o-p-i.fr\/parlonsen\/wp-json\/wp\/v2\/tags?post=31585"}],"curies":[{"name":"wp","href":"https:\/\/api.w.org\/{rel}","templated":true}]}}