{"id":31609,"date":"2017-01-08T15:19:18","date_gmt":"2017-01-08T14:19:18","guid":{"rendered":"\/parlonsen\/?p=31609"},"modified":"2017-01-08T15:19:18","modified_gmt":"2017-01-08T14:19:18","slug":"concours-le-pere-noel-a-travers-le-temps-a-saint-nauphary-82","status":"publish","type":"post","link":"https:\/\/www.o-p-i.fr\/parlonsen\/parlons-en\/culture\/concours-le-pere-noel-a-travers-le-temps-a-saint-nauphary-82\/","title":{"rendered":"[Concours] Le P\u00e8re-No\u00ebl \u00e0 travers le temps &#8230; \u00e0 Saint-Nauphary (82)"},"content":{"rendered":"<p>Comme chaque ann\u00e9e, l\u2019association ST NO\u2019LIVRES a organis\u00e9 un concours de dessins de no\u00ebl. Cette ann\u00e9e le th\u00e8me \u00e9tait : Le P\u00e8re-No\u00ebl \u00e0 travers le temps. <!--more--><\/p>\n<p>La remise des prix a eu lieu mercredi 14 d\u00e9cembre 2016 \u00e0 la m\u00e9diath\u00e8que de Saint Nauphary \u00e0 partir de 17h30.<\/p>\n<p><figure id=\"attachment_31610\" aria-describedby=\"caption-attachment-31610\" style=\"width: 300px\" class=\"wp-caption alignright\"><a href=\"https:\/\/i0.wp.com\/www.o-p-i.fr\/parlonsen\/wp-content\/uploads\/stnolivres_concoursnoel2016.jpg?ssl=1\"><img data-recalc-dims=\"1\" loading=\"lazy\" decoding=\"async\" class=\"size-medium wp-image-31610\" src=\"https:\/\/i0.wp.com\/www.o-p-i.fr\/parlonsen\/wp-content\/uploads\/stnolivres_concoursnoel2016.jpg?resize=300%2C200&#038;ssl=1\" alt=\"[Concours] Le P\u00e8re-No\u00ebl \u00e0 travers le temps ... \u00e0 Saint-Nauphary (82)\" width=\"300\" height=\"200\" srcset=\"https:\/\/i0.wp.com\/www.o-p-i.fr\/parlonsen\/wp-content\/uploads\/stnolivres_concoursnoel2016.jpg?resize=300%2C200&amp;ssl=1 300w, https:\/\/i0.wp.com\/www.o-p-i.fr\/parlonsen\/wp-content\/uploads\/stnolivres_concoursnoel2016.jpg?resize=768%2C512&amp;ssl=1 768w, https:\/\/i0.wp.com\/www.o-p-i.fr\/parlonsen\/wp-content\/uploads\/stnolivres_concoursnoel2016.jpg?resize=150%2C100&amp;ssl=1 150w, https:\/\/i0.wp.com\/www.o-p-i.fr\/parlonsen\/wp-content\/uploads\/stnolivres_concoursnoel2016.jpg?resize=400%2C267&amp;ssl=1 400w, https:\/\/i0.wp.com\/www.o-p-i.fr\/parlonsen\/wp-content\/uploads\/stnolivres_concoursnoel2016.jpg?w=1000&amp;ssl=1 1000w\" sizes=\"auto, (max-width: 300px) 100vw, 300px\" \/><\/a><figcaption id=\"caption-attachment-31610\" class=\"wp-caption-text\">[Concours] Le P\u00e8re-No\u00ebl \u00e0 travers le temps &#8230; \u00e0 Saint-Nauphary (82)<\/figcaption><\/figure>L&rsquo;association remercie les 46 participants 2016 et f\u00e9licite les 1er prix \/ classe:<br \/>\nEmilie (Petite Section de maternelle), Eve (Moyenne Section de maternelle),\u2028L\u00e9na (Grande Section de maternelle),\u2028Thomas (CP),\u2028Lily (CE1),\u2028Mathys (CE2),\u2028Ma\u00eblys (CM1),\u2028Swann (CM2),\u2028Aude (6\u00e9me)\u2028et Elise (CM1) Coup de C\u0153ur du Jury.<br \/>\nUn grand bravo \u00e0 tous les enfants !!!!!<br \/>\nLes laur\u00e9ats ont \u00e9t\u00e9 r\u00e9compens\u00e9 par de nombreux cadeaux : dipl\u00f4mes, chocolats, livres, places de cin\u00e9, entr\u00e9es au bowling, \u00e0 Tohubohu, \u00e0 M\u00e9gazone, \u00e0 Ingr\u00e9o, \u00e0 Animaparc, au Labyrinthe de Merville, \u00e0 l&rsquo;Ilot Pirate, g\u00e2teaux individuel de chez Lucien, pizzas de Fan 2 Pizza, sac \u00e0 dos Office du Tourisme de Montauban, casquette, tee shirt, jeu de carte, stylos et sacs Cr\u00e9dit Agricole, DVD et jeux du Mac Donald, jeux de la Grande R\u00e9cr\u00e9.<br \/>\nL&rsquo;association ST NO&rsquo;LIVRES remercie donc tous les partenaires pour leur soutien et plus particuli\u00e8rement l&rsquo;agence Cr\u00e9dit Agricole de Saint Nauphary, la p\u00e2tisserie \u00ab\u00a0Chez Lucien\u00a0\u00bb de Saint Nauphary et la Pizzeria \u00ab\u00a0Fan 2 Pizza\u00a0\u00bb de Saint Nauphary pour sa premi\u00e8re participation.<br \/>\nTous les enfants sont repartis avec une attestation de participation et une poche de bonbons et chocolats.<br \/>\nEnfin, merci \u00e0 l&rsquo;adjointe au maire et la directrice du Cr\u00e9dit Agricole, ainsi qu&rsquo;aux membres du jury pour leur pr\u00e9sence lors de la remise des prix.<\/p>\n<p><strong>Contact : <\/strong><a href=\"https:\/\/www.o-p-i.fr\/aupays\/annuaire\/loisirs\/st-nolivres\/\" rel=\"bookmark\">St No\u2019Livres<\/a><\/p>\n<p><strong>\u00a0<\/strong><\/p>\n<div class=\"entry-thumbnails\"><a href=\"https:\/\/www.o-p-i.fr\/aupays\/annuaire\/loisirs\/st-nolivres\/\"><img decoding=\"async\" title=\"St No\u2019Livres\" src=\"https:\/\/www.o-p-i.fr\/aupays\/wp-content\/themes\/arras-theme\/library\/timthumb.php?src=https:\/\/www.o-p-i.fr\/aupays\/wp-content\/uploads\/logo_stnolivres.jpg&amp;w=190&amp;h=100&amp;zc=1\" alt=\"St No\u2019Livres\" \/><\/a><span class=\"entry-meta\"><abbr class=\"published\" title=\"2016-11-22T19:20:22+00:00\">&#8230;<\/abbr><\/span><\/div>\n<p><em>Communiqu\u00e9 par Isabelle SERNY<\/em><\/p>\n","protected":false},"excerpt":{"rendered":"<div class=\"mh-excerpt\">Comme chaque ann\u00e9e, l\u2019association ST NO\u2019LIVRES a organis\u00e9 un concours de dessins de no\u00ebl. Cette ann\u00e9e le th\u00e8me \u00e9tait : Le P\u00e8re-No\u00ebl \u00e0 travers le temps.<\/div>\n","protected":false},"author":2,"featured_media":0,"comment_status":"open","ping_status":"open","sticky":false,"template":"","format":"standard","meta":{"om_disable_all_campaigns":false,"advanced_seo_description":"","jetpack_seo_html_title":"","jetpack_seo_noindex":false,"_jetpack_memberships_contains_paid_content":false,"footnotes":"","_links_to":"","_links_to_target":""},"categories":[1,54,775,17,2519],"tags":[2542,131,323,354,554,1514],"class_list":{"0":"post-31609","1":"post","2":"type-post","3":"status-publish","4":"format-standard","6":"category-culture","7":"category-loisirs","8":"category-cest-noel","9":"category-saint_nauphary","10":"category-n-129-decembre-2016","11":"tag-saint_nauphary","12":"tag-noel","13":"tag-enfant","14":"tag-concours","15":"tag-dessin","16":"tag-mediatheque"},"jetpack_featured_media_url":"","views":{"total":0,"cached_at":"","cached_date":1738528481},"jetpack_likes_enabled":true,"jetpack_sharing_enabled":true,"jetpack_shortlink":"https:\/\/wp.me\/pg7Wxj-8dP","jetpack-related-posts":[],"_links":{"self":[{"href":"https:\/\/www.o-p-i.fr\/parlonsen\/wp-json\/wp\/v2\/posts\/31609","targetHints":{"allow":["GET"]}}],"collection":[{"href":"https:\/\/www.o-p-i.fr\/parlonsen\/wp-json\/wp\/v2\/posts"}],"about":[{"href":"https:\/\/www.o-p-i.fr\/parlonsen\/wp-json\/wp\/v2\/types\/post"}],"author":[{"embeddable":true,"href":"https:\/\/www.o-p-i.fr\/parlonsen\/wp-json\/wp\/v2\/users\/2"}],"replies":[{"embeddable":true,"href":"https:\/\/www.o-p-i.fr\/parlonsen\/wp-json\/wp\/v2\/comments?post=31609"}],"version-history":[{"count":0,"href":"https:\/\/www.o-p-i.fr\/parlonsen\/wp-json\/wp\/v2\/posts\/31609\/revisions"}],"wp:attachment":[{"href":"https:\/\/www.o-p-i.fr\/parlonsen\/wp-json\/wp\/v2\/media?parent=31609"}],"wp:term":[{"taxonomy":"category","embeddable":true,"href":"https:\/\/www.o-p-i.fr\/parlonsen\/wp-json\/wp\/v2\/categories?post=31609"},{"taxonomy":"post_tag","embeddable":true,"href":"https:\/\/www.o-p-i.fr\/parlonsen\/wp-json\/wp\/v2\/tags?post=31609"}],"curies":[{"name":"wp","href":"https:\/\/api.w.org\/{rel}","templated":true}]}}