{"id":31651,"date":"2017-01-28T13:01:08","date_gmt":"2017-01-28T12:01:08","guid":{"rendered":"\/parlonsen\/?p=31651"},"modified":"2017-01-28T13:21:02","modified_gmt":"2017-01-28T12:21:02","slug":"concerts-a-la-maison-au-pays-des-tescous","status":"publish","type":"post","link":"https:\/\/www.o-p-i.fr\/parlonsen\/parlons-en\/culture\/concerts-a-la-maison-au-pays-des-tescous\/","title":{"rendered":"Concerts \u00e0 la maison&#8230; au Pays des Tescou&rsquo;s"},"content":{"rendered":"<p>En 2017, les <strong>\u00ab\u00a0Chantons sous les toits\u00a0!\u00bb<\/strong> sont de retour au Pays des Tescou&rsquo;s<\/p>\n<p><!--more--><\/p>\n<p>Ces concerts de chansons fran\u00e7aises, organis\u00e9s dans tout le d\u00e9partement et au-del\u00e0 par l&rsquo;association albigeoise <strong>L&rsquo;Oiseau Lyre Compagnie<\/strong> depuis 2005, permettent au public de d\u00e9couvrir des artistes que les trompettes de la renomm\u00e9e m\u00e9diatique d\u00e9laissent et qui pourtant enchantent les oreilles des amateurs.<br \/>\nCes spectacles se d\u00e9roulent chez \u00ab\u00a0l&rsquo;habitant\u00a0\u00bb mais ce sont bien des concerts publics ouverts \u00e0 tous, il suffit de r\u00e9server une semaine avant, le maintien du spectacle \u00e9tant confirm\u00e9 aux artistes selon le nombre de r\u00e9servations&#8230;<br \/>\nLa convivialit\u00e9 est de mise et, apr\u00e8s les nourritures spirituelles dispens\u00e9es pendant le spectacle les artistes \u00e9changent avec le public autour de nourritures terrestres solides et liquides fa\u00e7on auberge espagnole&#8230;<\/p>\n<p>Ainsi en 2017 vous pourrez d\u00e9couvrir:<\/p>\n<p><strong>A Salvagnac\u00a0chez R\u00e9gine<\/strong> <span style=\"font-size: medium;\">06 32 82 89 60 <\/span><span style=\"font-size: medium;\"><i>ou<\/i><\/span><span style=\"font-size: medium;\"> 05 63 40 56 26 <a href=\"mailto:regine.added@orange.fr\">regine.added@orange.fr<\/a> <\/span><\/p>\n<ul>\n<li>\n<p lang=\"fr-FR\"><span style=\"color: #000000;\"><span style=\"font-family: 'Times New Roman', serif;\"><span style=\"font-size: medium;\">le dimanche 19 f\u00e9vrier 2017 \u00e0 16h <b>Garance<\/b> <\/span><\/span><\/span><\/p>\n<\/li>\n<li>\n<p lang=\"fr-FR\"><span style=\"color: #000000;\"><span style=\"font-family: 'Times New Roman', serif;\"><span style=\"font-size: medium;\">le samedi 23 septembre 2017 \u00e0 20h30 <b>Fr\u00e9d\u00e9ric<\/b><b> <\/b><b>Bobin<\/b><\/span><\/span><\/span><\/p>\n<\/li>\n<\/ul>\n<p lang=\"fr-FR\"><span style=\"color: #000000;\"><span style=\"font-family: 'Times New Roman', serif;\"><span style=\"font-size: medium;\"><strong>A Montgaillard chez Pat et Dany <\/strong>06 19 95 10 75 <a href=\"mailto:pdunet@wanadoo.fr\">pdunet@wanadoo.fr<\/a> <\/span><\/span><\/span><\/p>\n<ul>\n<li>\n<p lang=\"fr-FR\"><span style=\"color: #000000;\"><span style=\"font-family: 'Times New Roman', serif;\"><span style=\"font-size: medium;\">le dimanche 26 mars \u00e0 17h<b> <\/b><b>C\u00e9line<\/b><b> <\/b><b>Caussimon<\/b><\/span><\/span><\/span><\/p>\n<\/li>\n<\/ul>\n<p>R\u00e9servations aupr\u00e8s des accueillants ou de l&rsquo;association<\/p>\n<p>Tarifs\u00a0: 5\u20ac, 9\u20ac, 12\u20ac<\/p>\n<p>Pour en savoir plus, cliquez:<\/p>\n<p>sur l&rsquo;association\u00a0: <a href=\"http:\/\/loiseaulyrecompagnie.wixsite.com\/chantonssouslestoits\" target=\"_blank\">L&rsquo;oiseau Lyre Compagnie<\/a><\/p>\n<p>sur Garance\u00a0: <a href=\"http:\/\/www.garance-lesite.com\/\" target=\"_blank\">Garance<\/a><\/p>\n<p>sur C\u00e9line Caussimon : <a href=\"http:\/\/www.celinecaussimon.com\/\">Celine Caussimon<\/a><\/p>\n<p>sur Fr\u00e9d\u00e9ric Bobin\u00a0: <a href=\"http:\/\/www.fredericbobin.com\/\" target=\"_blank\">Frederic Bobin<\/a><\/p>\n<p>&nbsp;<\/p>\n<p><em>Communiqu\u00e9 par R\u00e9gine ADDED<\/em><\/p>\n<p><a href=\"https:\/\/www.o-p-i.fr\/parlonsen\/agenda\/\"><strong>Retrouvez tous les \u00e9v\u00e9nements dans l&rsquo;agenda !<\/strong><\/a><\/p>\n","protected":false},"excerpt":{"rendered":"<div class=\"mh-excerpt\">En 2017, les \u00ab\u00a0Chantons sous les toits\u00a0!\u00bb sont de retour au Pays des Tescou&rsquo;s<\/div>\n","protected":false},"author":4,"featured_media":0,"comment_status":"open","ping_status":"open","sticky":false,"template":"","format":"standard","meta":{"om_disable_all_campaigns":false,"advanced_seo_description":"","jetpack_seo_html_title":"","jetpack_seo_noindex":false,"_jetpack_memberships_contains_paid_content":false,"footnotes":"","_links_to":"","_links_to_target":""},"categories":[52,1,54,31,25,2604],"tags":[43,660,2639],"class_list":{"0":"post-31651","1":"post","2":"type-post","3":"status-publish","4":"format-standard","6":"category-parlons-en","7":"category-culture","8":"category-loisirs","9":"category-montgaillard","10":"category-salvagnac","11":"category-n-131-fevrier-2017","12":"tag-concert","13":"tag-chantons-sous-les-toits","14":"tag-concert-chez-lhabitant"},"jetpack_featured_media_url":"","views":{"total":0,"cached_at":"","cached_date":1738517380},"jetpack_likes_enabled":true,"jetpack_sharing_enabled":true,"jetpack_shortlink":"https:\/\/wp.me\/pg7Wxj-8ev","jetpack-related-posts":[],"_links":{"self":[{"href":"https:\/\/www.o-p-i.fr\/parlonsen\/wp-json\/wp\/v2\/posts\/31651","targetHints":{"allow":["GET"]}}],"collection":[{"href":"https:\/\/www.o-p-i.fr\/parlonsen\/wp-json\/wp\/v2\/posts"}],"about":[{"href":"https:\/\/www.o-p-i.fr\/parlonsen\/wp-json\/wp\/v2\/types\/post"}],"author":[{"embeddable":true,"href":"https:\/\/www.o-p-i.fr\/parlonsen\/wp-json\/wp\/v2\/users\/4"}],"replies":[{"embeddable":true,"href":"https:\/\/www.o-p-i.fr\/parlonsen\/wp-json\/wp\/v2\/comments?post=31651"}],"version-history":[{"count":0,"href":"https:\/\/www.o-p-i.fr\/parlonsen\/wp-json\/wp\/v2\/posts\/31651\/revisions"}],"wp:attachment":[{"href":"https:\/\/www.o-p-i.fr\/parlonsen\/wp-json\/wp\/v2\/media?parent=31651"}],"wp:term":[{"taxonomy":"category","embeddable":true,"href":"https:\/\/www.o-p-i.fr\/parlonsen\/wp-json\/wp\/v2\/categories?post=31651"},{"taxonomy":"post_tag","embeddable":true,"href":"https:\/\/www.o-p-i.fr\/parlonsen\/wp-json\/wp\/v2\/tags?post=31651"}],"curies":[{"name":"wp","href":"https:\/\/api.w.org\/{rel}","templated":true}]}}