{"id":31711,"date":"2017-02-09T09:40:19","date_gmt":"2017-02-09T08:40:19","guid":{"rendered":"\/parlonsen\/?p=31711"},"modified":"2017-02-09T09:41:20","modified_gmt":"2017-02-09T08:41:20","slug":"don-de-sang-a-gaillac-81-2","status":"publish","type":"post","link":"https:\/\/www.o-p-i.fr\/parlonsen\/localisation\/a-cote-de-chez-nous\/don-de-sang-a-gaillac-81-2\/","title":{"rendered":"Don de Sang &#8230; \u00e0 Gaillac (81)"},"content":{"rendered":"<p>Les prochaines collectes de don de sang se feront <strong>du 15\u00a0 au 17 F\u00e9vrier 2017<\/strong>, de 10h30 \u00e0 12h30 et 14h30 \u00e0 19h \u00e0 la Salle Bouzignac.<!--more--><\/p>\n<figure id=\"attachment_23302\" aria-describedby=\"caption-attachment-23302\" style=\"width: 300px\" class=\"wp-caption alignright\"><a href=\"https:\/\/i0.wp.com\/www.o-p-i.fr\/parlonsen\/wp-content\/uploads\/donner-son-sang-gaillac.jpg?ssl=1\"><img data-recalc-dims=\"1\" loading=\"lazy\" decoding=\"async\" class=\"wp-image-23302 size-medium\" src=\"https:\/\/i0.wp.com\/www.o-p-i.fr\/parlonsen\/wp-content\/uploads\/donner-son-sang-gaillac.jpg?resize=300%2C211&#038;ssl=1\" alt=\"Collecte de sang \u00e0 Gaillac\" width=\"300\" height=\"211\" srcset=\"https:\/\/i0.wp.com\/www.o-p-i.fr\/parlonsen\/wp-content\/uploads\/donner-son-sang-gaillac.jpg?resize=300%2C211&amp;ssl=1 300w, https:\/\/i0.wp.com\/www.o-p-i.fr\/parlonsen\/wp-content\/uploads\/donner-son-sang-gaillac.jpg?w=700&amp;ssl=1 700w\" sizes=\"auto, (max-width: 300px) 100vw, 300px\" \/><\/a><figcaption id=\"caption-attachment-23302\" class=\"wp-caption-text\">Collecte de sang \u00e0 Gaillac<\/figcaption><\/figure>\n<p>Et oui, pour 2017, les jours de collectes seront les mercredi, jeudi et vendredi, petit changement qui rendra probablement service \u00e0 beaucoup de donneur.<\/p>\n<p>Donner son sang : c\u2019est quoi ? Un acte simple, facile, g\u00e9n\u00e9reux et qui ne demande qu\u2019une demi-heure \u00e0 une heure maximum de votre temps.<\/p>\n<p>La transfusion sanguine est une th\u00e9rapeutique indispensable dans le traitement de nombreuses maladies et affections. Ces traitements d\u00e9pendent de la g\u00e9n\u00e9rosit\u00e9 des donneurs de sang et de la r\u00e9gularit\u00e9 de leurs dons.<\/p>\n<p>Entre 400 et 500 ml de sang sont pr\u00e9lev\u00e9 par donneur, fonction du volume sanguin de chacun.<\/p>\n<p>Les femmes peuvent donner 4 fois par an, et les hommes 6 fois en respectant un d\u00e9lai d\u2019au moins 8 semaines entre chaque don. Les donneurs de groupe \u00ab O \u00bb, dits donneurs universels, sont particuli\u00e8rement recherch\u00e9s car le sang peut \u00eatre transfus\u00e9 \u00e0 un tr\u00e8s grand nombre de patients. Tous les groupes restent n\u00e9anmoins recherch\u00e9s, et Donner son sang peut sauver une vie.<\/p>\n<p>Toutes les pr\u00e9cautions sont prises pour garantir la s\u00e9curit\u00e9 du donneur et des receveurs. Un don de sang est un processus par lequel le donneur est volontaire pour se voir pr\u00e9lever du sang qui sera stock\u00e9 dans une banque du sang en attendant d\u2019\u00eatre transfus\u00e9 \u00e0 un malade lors d\u2019une transfusion sanguine. Le Don du Sang et volontaire et gratuit. Ce don du sang implique le respect de contraintes biologiques, immunologiques, m\u00e9dicales, mais aussi r\u00e9glementaires et l\u00e9gislatives encadrant cette pratique. La collecte commence par un questionnaire m\u00e9dical simple, et qui permet de mieux connaitre le profil du donneur quand aux facteurs de risques comme les prises de m\u00e9dicaments, les tatouages, les derniers voyages internationaux\u2026Les r\u00e9ponses sont associ\u00e9es au sang donn\u00e9, mais l\u2019anonymat reste garanti. Un rendez vous avec un m\u00e9decin suit, et apr\u00e8s le don, une collation est offerte.<\/p>\n<p>Il est conseill\u00e9 de bien manger et d\u2019\u00eatre en forme avant de donner son sang.<\/p>\n<p>D\u2019autre part, l\u2019association des donneurs de sang de Gaillac va f\u00eater ses 40 ans d\u2019existence en Janvier 2018. A ce titre, elle propose \u00e0 toutes les personnes qui souhaitent s\u2019associer \u00e0 cet \u00e9v\u00e9nement de se faire connaitre lors de la collecte.<\/p>\n<p>Elle remercie d\u2019avance, toutes les personnes qui auraient des photos d\u2019archives ou autres documents, articles de journaux, retra\u00e7ant l\u2019historique de l\u2019association gaillacoise et qui accepteraient de nous aider \u00e0 enrichir l\u2019exposition de cet anniversaire.<\/p>\n<p>A noter \u00e9galement, pour toutes les personnes int\u00e9ress\u00e9es, que la prochaine Assembl\u00e9e G\u00e9n\u00e9rale de l&rsquo;association se tiendra le 24 Mars 2017 \u00e0 18h15 au square Joffre \u00e0 Gaillac.<\/p>\n<p>L\u2019amicale des Donneurs de Sang remercie vivement les 246 personnes qui ont r\u00e9pondu pr\u00e9sentes \u00e0 la derni\u00e8re collecte organis\u00e9e \u00e0 la salle Bouzinac \u00e0 Gaillac, et vous souhaite encore plus nombreux cette fois ci.<\/p>\n<p>Pour l&rsquo;ann\u00e9e 2016, la collecte de Gaillac a comptabilis\u00e9 975 dons sur l&rsquo;ann\u00e9e. Nous comptons sur Tous pour bien d\u00e9buter l&rsquo;ann\u00e9e 2017, et d\u00e9passer les 1000 dons sur cette ann\u00e9e gr\u00e2ce \u00e0 vous tous.<\/p>\n<p>N&rsquo;h\u00e9sitez pas \u00e0 en parler autour de vous.<\/p>\n<p>L\u2019association des donneurs de sang et l\u2019\u00e9quipe m\u00e9dicale du centre de transfusion du Tarn vous retrouvera donc \u00e0 la salle Bouzinac d\u00e8s Mercredi 15 F\u00e9vrier 2017 .<\/p>\n<p>RDV les 15-16 et 17 F\u00e9vrier \u00e0 la Salle BOUZINAC &#8211; Gaillac de 10h30 \u00e0 12h30 et 14h30 \u00e0 19h.<\/p>\n<p>(Des places sont r\u00e9serv\u00e9es pour les donneurs sur le parking \u00e0 c\u00f4t\u00e9 de la collecte).<\/p>\n<p><em>Communiqu\u00e9 par Evelyne LENDREVIE<\/em><\/p>\n<p><span style=\"border-radius: 2px; text-indent: 20px; width: auto; padding: 0px 4px 0px 0px; text-align: center; font: bold 11px\/20px 'Helvetica Neue',Helvetica,sans-serif; color: #ffffff; background: #bd081c  no-repeat scroll 3px 50% \/ 14px 14px; position: absolute; opacity: 1; z-index: 8675309; display: none; cursor: pointer;\">Enregistrer<\/span><\/p>\n","protected":false},"excerpt":{"rendered":"<div class=\"mh-excerpt\">Les prochaines collectes de don de sang se feront du 15\u00a0 au 17 F\u00e9vrier 2017, de 10h30 \u00e0 12h30 et 14h30 \u00e0 19h \u00e0 la Salle Bouzignac.<\/div>\n","protected":false},"author":2,"featured_media":0,"comment_status":"open","ping_status":"open","sticky":false,"template":"","format":"standard","meta":{"om_disable_all_campaigns":false,"advanced_seo_description":"","jetpack_seo_html_title":"","jetpack_seo_noindex":false,"_jetpack_memberships_contains_paid_content":false,"footnotes":"","_links_to":"","_links_to_target":""},"categories":[42,290,58,291,1469],"tags":[1586,1708,215,2563],"class_list":{"0":"post-31711","1":"post","2":"type-post","3":"status-publish","4":"format-standard","6":"category-a-cote-de-chez-nous","7":"category-entraide","8":"category-sante","9":"category-solidarite","10":"category-n-82-fevrier-2013","11":"tag-don-de-sang","12":"tag-don-du-sang","13":"tag-gaillac","14":"tag-sante"},"jetpack_featured_media_url":"","views":{"total":1,"cached_at":"","cached_date":1738517599},"jetpack_likes_enabled":true,"jetpack_sharing_enabled":true,"jetpack_shortlink":"https:\/\/wp.me\/pg7Wxj-8ft","jetpack-related-posts":[],"_links":{"self":[{"href":"https:\/\/www.o-p-i.fr\/parlonsen\/wp-json\/wp\/v2\/posts\/31711","targetHints":{"allow":["GET"]}}],"collection":[{"href":"https:\/\/www.o-p-i.fr\/parlonsen\/wp-json\/wp\/v2\/posts"}],"about":[{"href":"https:\/\/www.o-p-i.fr\/parlonsen\/wp-json\/wp\/v2\/types\/post"}],"author":[{"embeddable":true,"href":"https:\/\/www.o-p-i.fr\/parlonsen\/wp-json\/wp\/v2\/users\/2"}],"replies":[{"embeddable":true,"href":"https:\/\/www.o-p-i.fr\/parlonsen\/wp-json\/wp\/v2\/comments?post=31711"}],"version-history":[{"count":0,"href":"https:\/\/www.o-p-i.fr\/parlonsen\/wp-json\/wp\/v2\/posts\/31711\/revisions"}],"wp:attachment":[{"href":"https:\/\/www.o-p-i.fr\/parlonsen\/wp-json\/wp\/v2\/media?parent=31711"}],"wp:term":[{"taxonomy":"category","embeddable":true,"href":"https:\/\/www.o-p-i.fr\/parlonsen\/wp-json\/wp\/v2\/categories?post=31711"},{"taxonomy":"post_tag","embeddable":true,"href":"https:\/\/www.o-p-i.fr\/parlonsen\/wp-json\/wp\/v2\/tags?post=31711"}],"curies":[{"name":"wp","href":"https:\/\/api.w.org\/{rel}","templated":true}]}}