{"id":3172,"date":"2010-03-31T14:50:39","date_gmt":"2010-03-31T12:50:39","guid":{"rendered":"\/parlonsen\/?p=3172"},"modified":"2010-04-02T15:18:41","modified_gmt":"2010-04-02T13:18:41","slug":"rencontres-festives-2010","status":"publish","type":"post","link":"https:\/\/www.o-p-i.fr\/parlonsen\/parlons-en\/culture\/rencontres-festives-2010\/","title":{"rendered":"Rencontres Festives 2010"},"content":{"rendered":"<p style=\"text-align: justify;\"><span style=\"color: #3366ff;\"><strong>Imbric&rsquo;Action<\/strong><\/span> organise le <span style=\"color: #3366ff;\"><strong>samedi 15 mai 2010 <\/strong><\/span>Les Rencontres Festives 2010 \u00e0 la salle de Montdurausse (81).<!--more--><\/p>\n<p style=\"text-align: justify;\">\n<figure id=\"attachment_3173\" aria-describedby=\"caption-attachment-3173\" style=\"width: 500px\" class=\"wp-caption alignleft\"><img data-recalc-dims=\"1\" loading=\"lazy\" decoding=\"async\" class=\"size-full wp-image-3173\" title=\"Rencontres Festives - Montdurausse\" src=\"https:\/\/i0.wp.com\/www.o-p-i.fr\/parlonsen\/wp-content\/uploads\/affiche_rencontre.jpg?resize=500%2C738&#038;ssl=1\" alt=\"Rencontres Festives - Montdurausse\" width=\"500\" height=\"738\" srcset=\"https:\/\/i0.wp.com\/www.o-p-i.fr\/parlonsen\/wp-content\/uploads\/affiche_rencontre.jpg?w=500&amp;ssl=1 500w, https:\/\/i0.wp.com\/www.o-p-i.fr\/parlonsen\/wp-content\/uploads\/affiche_rencontre.jpg?resize=203%2C300&amp;ssl=1 203w\" sizes=\"auto, (max-width: 500px) 100vw, 500px\" \/><figcaption id=\"caption-attachment-3173\" class=\"wp-caption-text\">Rencontres Festives - Montdurausse<\/figcaption><\/figure>\n<p style=\"text-align: justify;\">Ces rencontres ont pour but de faire rencontrer des personnes qui ont peu d\u2019occasions d\u2019\u00e9changer.<\/p>\n<p style=\"text-align: justify;\">IMBRIC\u2019Action croit que la vrai richesse vient de la diversit\u00e9. C\u2019est pour cela qu\u2019elle propose chaque ann\u00e9e un lieu propice \u00e0 des \u00e9changes qui reposent sur les comp\u00e9tences, passions et centres d\u2019int\u00e9r\u00eats de chacun.<\/p>\n<p style=\"text-align: justify;\">D\u00e9couvrir<br \/>\nPartager<br \/>\nExp\u00e9rimenter<br \/>\nJouer<br \/>\nApprendre<\/p>\n<p style=\"text-align: justify;\">&gt; C&rsquo;est le but des participants de ces rencontres uniques dans le Tarn<\/p>\n<p style=\"text-align: justify;\">M\u00e9langer les genres, ne pas faire de cat\u00e9gorisations permettra, au fil des ann\u00e9es, de cr\u00e9er un r\u00e9seau de personnes riches et vari\u00e9es.<\/p>\n<p>Chacun peut tirer parti de ces rencontres \u00e0 sa mani\u00e8re<br \/>\nen y participant tout simplement<br \/>\nen proposant une activit\u00e9 ou une animation<br \/>\nen jouant de la musique<br \/>\nen pr\u00e9sentant un projet r\u00e9alis\u00e9 ou \u00e0 r\u00e9aliser<br \/>\nen exposant une ou des cr\u00e9ations<br \/>\nen partageant une comp\u00e9tence particuli\u00e8re<br \/>\nen \u00e9tant b\u00e9n\u00e9vole<\/p>\n<p style=\"text-align: justify;\">L\u2019\u00e9quipe IMBRIC\u2019Action est ouverte \u00e0 toutes propositions pour ces diff\u00e9rentes activit\u00e9s, il vous suffit de remplir une fiche d\u2019inscription et de la rendre minimum 15 jours avant les Rencontres.<\/p>\n<p style=\"text-align: justify;\"><span style=\"color: #3366ff;\"><strong>Contact : <a title=\"Cliquez ici pour en savoir + sur l'association\" href=\"https:\/\/www.o-p-i.fr\/aupays\/vie-des-communes\/vie-a-montdurausse\/imbricaction\/\" target=\"_self\">IMBRIC&rsquo;Action<\/a><\/strong><\/span><\/p>\n<p style=\"text-align: justify;\"><em>Source : <a title=\"Ouvre le site dans une nouvelle fen\u00eatre\" href=\"http:\/\/imbricaction.wifeo.com\/rencontres-festives.php\" target=\"_blank\">Site Internet d&rsquo;IMBRIC&rsquo;Action<\/a><\/em><\/p>\n<p><a href=\"https:\/\/www.o-p-i.fr\/parlonsen\/agenda\/\"><strong>Retrouvez tous les \u00e9v\u00e8nements dans l&rsquo;agenda !<\/strong><\/a><\/p>\n","protected":false},"excerpt":{"rendered":"<div class=\"mh-excerpt\">Imbric&rsquo;Action organise le samedi 15 mai 2010 Les Rencontres Festives 2010 \u00e0 la salle de Montdurausse (81).<\/div>\n","protected":false},"author":2,"featured_media":0,"comment_status":"open","ping_status":"open","sticky":false,"template":"","format":"standard","meta":{"om_disable_all_campaigns":false,"advanced_seo_description":"","jetpack_seo_html_title":"","jetpack_seo_noindex":false,"_jetpack_memberships_contains_paid_content":false,"footnotes":"","_links_to":"","_links_to_target":""},"categories":[42,1,54,32,291,6,356],"tags":[2555,121,330,443,444],"class_list":{"0":"post-3172","1":"post","2":"type-post","3":"status-publish","4":"format-standard","6":"category-a-cote-de-chez-nous","7":"category-culture","8":"category-loisirs","9":"category-montdurausse","10":"category-solidarite","11":"category-pratique","12":"category-n-47-mars-2010","13":"tag-montdurausse","14":"tag-association","15":"tag-rencontre","16":"tag-rencontres-festives","17":"tag-imbricaction"},"jetpack_featured_media_url":"","views":{"total":0,"cached_at":"","cached_date":1738521023},"jetpack_likes_enabled":true,"jetpack_sharing_enabled":true,"jetpack_shortlink":"https:\/\/wp.me\/pg7Wxj-Pa","jetpack-related-posts":[],"_links":{"self":[{"href":"https:\/\/www.o-p-i.fr\/parlonsen\/wp-json\/wp\/v2\/posts\/3172","targetHints":{"allow":["GET"]}}],"collection":[{"href":"https:\/\/www.o-p-i.fr\/parlonsen\/wp-json\/wp\/v2\/posts"}],"about":[{"href":"https:\/\/www.o-p-i.fr\/parlonsen\/wp-json\/wp\/v2\/types\/post"}],"author":[{"embeddable":true,"href":"https:\/\/www.o-p-i.fr\/parlonsen\/wp-json\/wp\/v2\/users\/2"}],"replies":[{"embeddable":true,"href":"https:\/\/www.o-p-i.fr\/parlonsen\/wp-json\/wp\/v2\/comments?post=3172"}],"version-history":[{"count":0,"href":"https:\/\/www.o-p-i.fr\/parlonsen\/wp-json\/wp\/v2\/posts\/3172\/revisions"}],"wp:attachment":[{"href":"https:\/\/www.o-p-i.fr\/parlonsen\/wp-json\/wp\/v2\/media?parent=3172"}],"wp:term":[{"taxonomy":"category","embeddable":true,"href":"https:\/\/www.o-p-i.fr\/parlonsen\/wp-json\/wp\/v2\/categories?post=3172"},{"taxonomy":"post_tag","embeddable":true,"href":"https:\/\/www.o-p-i.fr\/parlonsen\/wp-json\/wp\/v2\/tags?post=3172"}],"curies":[{"name":"wp","href":"https:\/\/api.w.org\/{rel}","templated":true}]}}