{"id":31734,"date":"2017-02-09T18:52:01","date_gmt":"2017-02-09T17:52:01","guid":{"rendered":"\/parlonsen\/?p=31734"},"modified":"2017-02-09T18:52:01","modified_gmt":"2017-02-09T17:52:01","slug":"mix-media-a-salvagnac-81","status":"publish","type":"post","link":"https:\/\/www.o-p-i.fr\/parlonsen\/parlons-en\/culture\/mix-media-a-salvagnac-81\/","title":{"rendered":"Mix  M\u00e9dia &#8230; \u00e0 Salvagnac (81)"},"content":{"rendered":"<p>Rendez-vous le<strong> Samedi 11 F\u00e9vrier 2016<\/strong> d\u00e8s 19h30 au Galetas.\u00a0 <!--more--><\/p>\n<p><strong>JACK LONDON<\/strong><\/p>\n<figure id=\"attachment_31735\" aria-describedby=\"caption-attachment-31735\" style=\"width: 300px\" class=\"wp-caption alignright\"><a href=\"https:\/\/i0.wp.com\/www.o-p-i.fr\/parlonsen\/wp-content\/uploads\/jacklondon.jpg?ssl=1\"><img data-recalc-dims=\"1\" loading=\"lazy\" decoding=\"async\" class=\"size-medium wp-image-31735\" src=\"https:\/\/i0.wp.com\/www.o-p-i.fr\/parlonsen\/wp-content\/uploads\/jacklondon.jpg?resize=300%2C206&#038;ssl=1\" alt=\"Jack London\" width=\"300\" height=\"206\" srcset=\"https:\/\/i0.wp.com\/www.o-p-i.fr\/parlonsen\/wp-content\/uploads\/jacklondon.jpg?resize=300%2C206&amp;ssl=1 300w, https:\/\/i0.wp.com\/www.o-p-i.fr\/parlonsen\/wp-content\/uploads\/jacklondon.jpg?resize=768%2C528&amp;ssl=1 768w, https:\/\/i0.wp.com\/www.o-p-i.fr\/parlonsen\/wp-content\/uploads\/jacklondon.jpg?resize=150%2C103&amp;ssl=1 150w, https:\/\/i0.wp.com\/www.o-p-i.fr\/parlonsen\/wp-content\/uploads\/jacklondon.jpg?resize=400%2C275&amp;ssl=1 400w, https:\/\/i0.wp.com\/www.o-p-i.fr\/parlonsen\/wp-content\/uploads\/jacklondon.jpg?w=800&amp;ssl=1 800w\" sizes=\"auto, (max-width: 300px) 100vw, 300px\" \/><\/a><figcaption id=\"caption-attachment-31735\" class=\"wp-caption-text\">Jack London<\/figcaption><\/figure>\n<p><span class=\"fsl\">Lecture \/ Images \/ Musique<br \/>\n<strong>G. Fossier, F. Godard &amp; S\u00e9bastopol<\/strong><\/span><\/p>\n<p><strong>Jack London (1876-1916) \u00c9crits sociaux et politiques<\/strong>.<br \/>\nJack London est surtout connu par ses r\u00e9cits d&rsquo;aventure mais il a laiss\u00e9 \u00e9galement le souvenir d&rsquo;un homme engag\u00e9 socialement et politiquement. Afin d&rsquo;interroger notre \u00e9poque, Fabrice Godard aux images, S\u00e9bastopol aux instruments, Gilles Fossier \u00e0 la lecture des textes se sont r\u00e9unis pour vous proposer un voyage ou il sera question du Peuple d&rsquo;en bas, de R\u00e9volution, de Lutte des classes et d&rsquo;oligarchie. Echos d&rsquo;un autre temps ou cauchemar r\u00e9current ?<\/p>\n<p><strong>Tarifs :<\/strong><br \/>\nSpectacle \u00e0 21h00 : 7,50 \u20ac (gratuit pour les &#8211; de 10 ans)<br \/>\nRepas maison \u00a0 (sur r\u00e9servation) \u00e0 19h30 : 7,50 \u20ac (5,00\u20ac pour les &#8211; de 10 ans)<br \/>\nR\u00e9servation obligatoire pour le repas : 06 78 30 92 81<\/p>\n<p><strong>Contact :<\/strong> <a href=\"https:\/\/www.o-p-i.fr\/aupays\/annuaire\/loisirs\/le-galetas\/\" rel=\"bookmark\">Le Galetas<\/a><\/p>\n<div class=\"entry-thumbnails\"><a href=\"https:\/\/www.o-p-i.fr\/aupays\/annuaire\/loisirs\/le-galetas\/\"><img decoding=\"async\" title=\"Le Galetas\" src=\"https:\/\/www.o-p-i.fr\/aupays\/wp-content\/themes\/arras-theme\/library\/timthumb.php?src=https:\/\/www.o-p-i.fr\/aupays\/wp-content\/uploads\/logo_legaletas.jpg&amp;w=190&amp;h=100&amp;zc=1\" alt=\"Le Galetas\" \/><\/a><span class=\"entry-meta\"><abbr class=\"published\" title=\"2017-02-09T15:43:51+00:00\">&#8230;<\/abbr><\/span><\/div>\n<p><em>Communiqu\u00e9 par l&rsquo;\u00e9quipe du Galetas<\/em><\/p>\n","protected":false},"excerpt":{"rendered":"<div class=\"mh-excerpt\">Rendez-vous le Samedi 11 F\u00e9vrier 2016 d\u00e8s 19h30 au Galetas.\u00a0<\/div>\n","protected":false},"author":2,"featured_media":0,"comment_status":"open","ping_status":"open","sticky":false,"template":"","format":"standard","meta":{"om_disable_all_campaigns":false,"advanced_seo_description":"","jetpack_seo_html_title":"","jetpack_seo_noindex":false,"_jetpack_memberships_contains_paid_content":false,"footnotes":"","_links_to":"","_links_to_target":""},"categories":[1,54,25,2604],"tags":[2548,94,132,163,1319],"class_list":{"0":"post-31734","1":"post","2":"type-post","3":"status-publish","4":"format-standard","6":"category-culture","7":"category-loisirs","8":"category-salvagnac","9":"category-n-131-fevrier-2017","10":"tag-salvagnac","11":"tag-lecture","12":"tag-spectacle","13":"tag-musique","14":"tag-le-galetas"},"jetpack_featured_media_url":"","views":{"total":0,"cached_at":"","cached_date":1738517882},"jetpack_likes_enabled":true,"jetpack_sharing_enabled":true,"jetpack_shortlink":"https:\/\/wp.me\/pg7Wxj-8fQ","jetpack-related-posts":[],"_links":{"self":[{"href":"https:\/\/www.o-p-i.fr\/parlonsen\/wp-json\/wp\/v2\/posts\/31734","targetHints":{"allow":["GET"]}}],"collection":[{"href":"https:\/\/www.o-p-i.fr\/parlonsen\/wp-json\/wp\/v2\/posts"}],"about":[{"href":"https:\/\/www.o-p-i.fr\/parlonsen\/wp-json\/wp\/v2\/types\/post"}],"author":[{"embeddable":true,"href":"https:\/\/www.o-p-i.fr\/parlonsen\/wp-json\/wp\/v2\/users\/2"}],"replies":[{"embeddable":true,"href":"https:\/\/www.o-p-i.fr\/parlonsen\/wp-json\/wp\/v2\/comments?post=31734"}],"version-history":[{"count":0,"href":"https:\/\/www.o-p-i.fr\/parlonsen\/wp-json\/wp\/v2\/posts\/31734\/revisions"}],"wp:attachment":[{"href":"https:\/\/www.o-p-i.fr\/parlonsen\/wp-json\/wp\/v2\/media?parent=31734"}],"wp:term":[{"taxonomy":"category","embeddable":true,"href":"https:\/\/www.o-p-i.fr\/parlonsen\/wp-json\/wp\/v2\/categories?post=31734"},{"taxonomy":"post_tag","embeddable":true,"href":"https:\/\/www.o-p-i.fr\/parlonsen\/wp-json\/wp\/v2\/tags?post=31734"}],"curies":[{"name":"wp","href":"https:\/\/api.w.org\/{rel}","templated":true}]}}