{"id":31750,"date":"2017-02-16T10:21:43","date_gmt":"2017-02-16T09:21:43","guid":{"rendered":"\/parlonsen\/?p=31750"},"modified":"2017-02-16T12:09:59","modified_gmt":"2017-02-16T11:09:59","slug":"lete-de-vaour-en-danger-a-vaour-81","status":"publish","type":"post","link":"https:\/\/www.o-p-i.fr\/parlonsen\/parlons-en\/culture\/lete-de-vaour-en-danger-a-vaour-81\/","title":{"rendered":"L\u2019\u00c9t\u00e9 de Vaour en danger ! &#8230; \u00e0 Vaour (81)"},"content":{"rendered":"<p>L\u2019\u00e9t\u00e9 de Vaour d\u00e9veloppe depuis plus de 30 ans une dynamique singuli\u00e8re autour du spectacle vivant, dans un tout petit village du Tarn, Vaour (350 habitants), en milieu rural (ZRR). Ce projet, initi\u00e9 et port\u00e9 par des habitants, se d\u00e9ploie entre le festival L\u2019\u00e9t\u00e9 de Vaour en ao\u00fbt, de renomm\u00e9e et d\u2019envergure nationale, et une saison de rendez-vous culturels au Th\u00e9\u00e2tre de la Commanderie et sur le territoire.<!--more--><\/p>\n<figure id=\"attachment_31752\" aria-describedby=\"caption-attachment-31752\" style=\"width: 384px\" class=\"wp-caption alignright\"><a href=\"https:\/\/i0.wp.com\/www.o-p-i.fr\/parlonsen\/wp-content\/uploads\/soutienvaour2017.jpg?ssl=1\"><img data-recalc-dims=\"1\" loading=\"lazy\" decoding=\"async\" class=\" wp-image-31752\" src=\"https:\/\/i0.wp.com\/www.o-p-i.fr\/parlonsen\/wp-content\/uploads\/soutienvaour2017.jpg?resize=384%2C256&#038;ssl=1\" alt=\"L'\u00e9t\u00e9 de Vaour est en danger !\" width=\"384\" height=\"256\" srcset=\"https:\/\/i0.wp.com\/www.o-p-i.fr\/parlonsen\/wp-content\/uploads\/soutienvaour2017.jpg?w=600&amp;ssl=1 600w, https:\/\/i0.wp.com\/www.o-p-i.fr\/parlonsen\/wp-content\/uploads\/soutienvaour2017.jpg?resize=300%2C200&amp;ssl=1 300w, https:\/\/i0.wp.com\/www.o-p-i.fr\/parlonsen\/wp-content\/uploads\/soutienvaour2017.jpg?resize=150%2C100&amp;ssl=1 150w, https:\/\/i0.wp.com\/www.o-p-i.fr\/parlonsen\/wp-content\/uploads\/soutienvaour2017.jpg?resize=400%2C267&amp;ssl=1 400w\" sizes=\"auto, (max-width: 384px) 100vw, 384px\" \/><\/a><figcaption id=\"caption-attachment-31752\" class=\"wp-caption-text\">L&rsquo;\u00e9t\u00e9 de Vaour est en danger !<\/figcaption><\/figure>\n<p>En 2016, notamment gr\u00e2ce au nouveau soutien de la DRAC Occitanie, le Th\u00e9\u00e2tre de la Commanderie a accueilli 20 semaines de r\u00e9sidences, 6 \u00e9v\u00e8nements et de nombreuses actions culturelles. Pour 2017, un programme de saison est d\u00e9j\u00e0 sorti, avec au moins un \u00e9v\u00e8nement par mois !<br \/>\nLa 31\u00e8me \u00e9dition du Festival L\u2019\u00e9t\u00e9 de Vaour a \u00e9t\u00e9 une magnifique r\u00e9ussite : plus de 15 000 spectateurs, 44 repr\u00e9sentations et 98% de remplissage. Les retours du public sont particuli\u00e8rement enjou\u00e9s cette ann\u00e9e quant \u00e0 la programmation artistique et \u00e0 l\u2019ambiance g\u00e9n\u00e9rale d\u00e9finitivement familiale, chaleureuse et conviviale.<br \/>\nCependant, l\u2019inauguration du festival a \u00e9t\u00e9 perturb\u00e9e par un petit groupe de personnes venues manifester contre le barrage de Sivens et contre M. Carcenac, Pr\u00e9sident du D\u00e9partement du Tarn. Cette action, dont nous ne sommes aucunement responsables et qui n\u2019a aucun lien avec notre projet associatif, a pourtant aujourd\u2019hui des r\u00e9percussions tr\u00e8s inqui\u00e9tantes sur l\u2019avenir de L\u2019\u00e9t\u00e9 de Vaour.<br \/>\n\u00c0 la suite du festival, nous avons ainsi \u00e9t\u00e9 convoqu\u00e9s par le Conseil D\u00e9partemental o\u00f9 l\u2019on nous a parl\u00e9 d\u2019une possible suppression ou d\u2019une tr\u00e8s forte baisse de notre subvention, alors m\u00eame que nous avons une convention triennale en cours, de tr\u00e8s bons r\u00e9sultats qualitatifs et quantitatifs, des bonnes perspectives de d\u00e9veloppement et une gestion financi\u00e8re saine.<br \/>\nIl faut comprendre que cette subvention repr\u00e9sente 22% du budget de l\u2019association et sa non-reconduction impliquerait l\u2019arr\u00eat net du festival, d\u00e8s 2017.<br \/>\nMalgr\u00e9 le soutien maintenu de M. Carcenac et malgr\u00e9 nos tentatives de dialogue avec les \u00e9lus de la Commission Culture du Conseil D\u00e9partemental pour qu\u2019ils ne fassent pas d\u2019amalgame et ne sanctionnent pas une structure qui oeuvre de mani\u00e8re historique et capitale pour la dynamique culturelle, sociale et \u00e9conomique de son territoire, personne \u00e0 ce jour ne nous a rassur\u00e9s sur l\u2019\u00e9volution des intentions du Conseil D\u00e9partemental.<br \/>\nAvant qu\u2019il ne soit trop tard, nous souhaitons donc informer le plus largement possible tous les partenaires, les publics et les amis de L\u2019\u00e9t\u00e9 de Vaour pour recueillir le plus grand soutien possible, afin d\u2019encourager la commission culture \u00e0 r\u00e9instaurer un dialogue avec l\u2019association autour de son bilan et ses activit\u00e9s, et \u00e0 maintenir la subvention de L\u2019\u00e9t\u00e9 de Vaour.<br \/>\nVous pouvez d\u2019ores et d\u00e9j\u00e0 signer l\u2019appel pour le maintien de notre subvention. N\u2019h\u00e9sitez pas \u00e0 laisser en commentaire les raisons de votre attachement \u00e0 L\u2019\u00e9t\u00e9 de Vaour.<br \/>\nNous ferons parvenir cet appel \u00e0 soutien au pr\u00e9sident du D\u00e9partement M. Carcenac, au pr\u00e9sident de la Commission culture M. Vandendriessche, et \u00e0 l\u2019ensemble des \u00e9lus de la commission culture : Marie-Louise At, Eric Guillaumin, Eva Geraud, Guy Malaterre, Jacques Thouroude, Isabelle Espinosa, Fran\u00e7oise Bardou, Joseph Dalla Riva, Christelle Cabanis, Catherine Rabou, Jean-Paul Raynaud.<\/p>\n<blockquote>\n<p style=\"text-align: center;\"><strong>L\u2019\u00c9T\u00c9 DE VAOUR EN DANGER !<\/strong><br \/>\nAPPEL \u00c0 SOUTIEN POUR LE MAINTIEN DE LA SUBVENTION DU CONSEIL D\u00c9PARTEMENTAL DU TARN<br \/>\nLE VOTE DU BUDGET AU D\u00c9PARTEMENT A LIEU EN MARS, IL FAUT DONC AGIR VITE !<br \/>\nAMIS, PUBLICS, PARTENAIRES, PROFESSIONNELS, MERCI POUR VOTRE SOUTIEN !<br \/>\n<a href=\"http:\/\/www.change.org\/p\/l-\u00e9t\u00e9-de-vaour-en-danger\">www.change.org\/p\/l-\u00e9t\u00e9-de-vaour-en-danger<\/a> | <a href=\"http:\/\/www.etedevaour.org\">www.etedevaour.org<\/a><\/p>\n<\/blockquote>\n<p><strong>Contact :<\/strong> <a href=\"https:\/\/www.o-p-i.fr\/aupays\/annuaire\/ete-de-vaour\/\" rel=\"bookmark\">Et\u00e9 de Vaour<\/a><\/p>\n<div class=\"entry-thumbnails\"><a href=\"https:\/\/www.o-p-i.fr\/aupays\/annuaire\/ete-de-vaour\/\"><img decoding=\"async\" title=\"Et\u00e9 de Vaour\" src=\"https:\/\/www.o-p-i.fr\/aupays\/wp-content\/themes\/arras-theme\/library\/timthumb.php?src=https:\/\/www.o-p-i.fr\/aupays\/wp-content\/uploads\/etedevaour.jpg&amp;w=190&amp;h=100&amp;zc=1\" alt=\"Et\u00e9 de Vaour\" \/><\/a><span class=\"entry-meta\"><abbr class=\"published\" title=\"2016-07-28T17:00:10+00:00\">&#8230;<\/abbr><\/span><\/div>\n<p><em>Communiqu\u00e9 par Emile RICARD<\/em><\/p>\n<p><span style=\"border-radius: 2px; text-indent: 20px; width: auto; padding: 0px 4px 0px 0px; text-align: center; font: bold 11px\/20px 'Helvetica Neue',Helvetica,sans-serif; color: #ffffff; background: #bd081c  no-repeat scroll 3px 50% \/ 14px 14px; position: absolute; opacity: 1; z-index: 8675309; display: none; cursor: pointer;\">Enregistrer<\/span><\/p>\n","protected":false},"excerpt":{"rendered":"<div class=\"mh-excerpt\">L\u2019\u00e9t\u00e9 de Vaour d\u00e9veloppe depuis plus de 30 ans une dynamique singuli\u00e8re autour du spectacle vivant, dans un tout petit village du Tarn, Vaour (350 habitants), en milieu rural (ZRR). Ce projet, initi\u00e9 et port\u00e9 <a class=\"mh-excerpt-more\" href=\"https:\/\/www.o-p-i.fr\/parlonsen\/parlons-en\/culture\/lete-de-vaour-en-danger-a-vaour-81\/\" title=\"L\u2019\u00c9t\u00e9 de Vaour en danger ! &#8230; \u00e0 Vaour (81)\">[&#8230;]<\/a><\/div>\n","protected":false},"author":2,"featured_media":0,"comment_status":"open","ping_status":"open","sticky":false,"template":"","format":"standard","meta":{"om_disable_all_campaigns":false,"advanced_seo_description":"","jetpack_seo_html_title":"","jetpack_seo_noindex":false,"_jetpack_memberships_contains_paid_content":false,"footnotes":"","_links_to":"","_links_to_target":""},"categories":[42,1,290,603,54,2604,2605],"tags":[132,187,735,890,1201,1446],"class_list":{"0":"post-31750","1":"post","2":"type-post","3":"status-publish","4":"format-standard","6":"category-a-cote-de-chez-nous","7":"category-culture","8":"category-entraide","9":"category-vive-lete","10":"category-loisirs","11":"category-n-131-fevrier-2017","12":"category-n-132-mars-2017","13":"tag-spectacle","14":"tag-vaour","15":"tag-soutien","16":"tag-arts-de-la-rue","17":"tag-petition","18":"tag-soutien-aux-initiatives-locales"},"jetpack_featured_media_url":"","views":{"total":0,"cached_at":"","cached_date":1738518395},"jetpack_likes_enabled":true,"jetpack_sharing_enabled":true,"jetpack_shortlink":"https:\/\/wp.me\/pg7Wxj-8g6","jetpack-related-posts":[],"_links":{"self":[{"href":"https:\/\/www.o-p-i.fr\/parlonsen\/wp-json\/wp\/v2\/posts\/31750","targetHints":{"allow":["GET"]}}],"collection":[{"href":"https:\/\/www.o-p-i.fr\/parlonsen\/wp-json\/wp\/v2\/posts"}],"about":[{"href":"https:\/\/www.o-p-i.fr\/parlonsen\/wp-json\/wp\/v2\/types\/post"}],"author":[{"embeddable":true,"href":"https:\/\/www.o-p-i.fr\/parlonsen\/wp-json\/wp\/v2\/users\/2"}],"replies":[{"embeddable":true,"href":"https:\/\/www.o-p-i.fr\/parlonsen\/wp-json\/wp\/v2\/comments?post=31750"}],"version-history":[{"count":0,"href":"https:\/\/www.o-p-i.fr\/parlonsen\/wp-json\/wp\/v2\/posts\/31750\/revisions"}],"wp:attachment":[{"href":"https:\/\/www.o-p-i.fr\/parlonsen\/wp-json\/wp\/v2\/media?parent=31750"}],"wp:term":[{"taxonomy":"category","embeddable":true,"href":"https:\/\/www.o-p-i.fr\/parlonsen\/wp-json\/wp\/v2\/categories?post=31750"},{"taxonomy":"post_tag","embeddable":true,"href":"https:\/\/www.o-p-i.fr\/parlonsen\/wp-json\/wp\/v2\/tags?post=31750"}],"curies":[{"name":"wp","href":"https:\/\/api.w.org\/{rel}","templated":true}]}}