{"id":31945,"date":"2017-03-24T12:27:11","date_gmt":"2017-03-24T11:27:11","guid":{"rendered":"\/parlonsen\/?p=31945"},"modified":"2017-05-18T12:23:58","modified_gmt":"2017-05-18T11:23:58","slug":"jean-david-saban-exposition-a-lisle-sur-tarn-81","status":"publish","type":"post","link":"https:\/\/www.o-p-i.fr\/parlonsen\/parlons-en\/culture\/jean-david-saban-exposition-a-lisle-sur-tarn-81\/","title":{"rendered":"\u00ab\u00a0Jean David SABAN\u00a0\u00bb exposition \u00e0 Lisle sur Tarn (81)"},"content":{"rendered":"<div>Du <strong>18 mars au 5 juin 2017,<\/strong> le <strong>Mus\u00e9e Raymond Lafage<\/strong> de Lisle sur Tarn \u00a0pr\u00e9sente une exposition \u00ab\u00a0Jean David SABAN, l&rsquo;oeuvre grav\u00e9 et la peinture\u00a0\u00bb.<\/div>\n<p><!--more--><\/p>\n<p>Autour de cette exposition, le mus\u00e9e propose conf\u00e9rences et ateliers :<\/p>\n<figure id=\"attachment_31946\" aria-describedby=\"caption-attachment-31946\" style=\"width: 425px\" class=\"wp-caption alignright\"><img data-recalc-dims=\"1\" loading=\"lazy\" decoding=\"async\" class=\"size-full wp-image-31946\" src=\"https:\/\/i0.wp.com\/www.o-p-i.fr\/parlonsen\/wp-content\/uploads\/J.D.-Savan.jpg?resize=425%2C638&#038;ssl=1\" alt=\"Jean David SAVAN\" width=\"425\" height=\"638\" srcset=\"https:\/\/i0.wp.com\/www.o-p-i.fr\/parlonsen\/wp-content\/uploads\/J.D.-Savan.jpg?w=425&amp;ssl=1 425w, https:\/\/i0.wp.com\/www.o-p-i.fr\/parlonsen\/wp-content\/uploads\/J.D.-Savan.jpg?resize=200%2C300&amp;ssl=1 200w, https:\/\/i0.wp.com\/www.o-p-i.fr\/parlonsen\/wp-content\/uploads\/J.D.-Savan.jpg?resize=100%2C150&amp;ssl=1 100w, https:\/\/i0.wp.com\/www.o-p-i.fr\/parlonsen\/wp-content\/uploads\/J.D.-Savan.jpg?resize=400%2C600&amp;ssl=1 400w\" sizes=\"auto, (max-width: 425px) 100vw, 425px\" \/><figcaption id=\"caption-attachment-31946\" class=\"wp-caption-text\">Jean David SAVAN<\/figcaption><\/figure>\n<ul>\n<li>&#8211; <u>Dimanche 26 mars \u00e0 15<\/u> : Les secrets de la gravure, J.D SABAN, conf\u00e9rence et d\u00e9monstration. (A cette occasion l&rsquo;artiste d\u00e9voilera ses deux derni\u00e8res gravures)<\/li>\n<\/ul>\n<p>&nbsp;<\/p>\n<ul>\n<li>&#8211; <u>Dimanche 2 avril \u00e0 15h<\/u>\u00a0 : Entretien autour de l&rsquo;\u0153uvre avec Christine Rodriguez (ma\u00eetre de conf\u00e9rence \u00e0 l&rsquo;Universit\u00e9 Jean Jaur\u00e8s)<\/li>\n<\/ul>\n<p>&nbsp;<\/p>\n<ul>\n<li>&#8211; <u>Dimanche 9 avril \u00e0 15h<\/u> : Naissance d&rsquo;une toile, fulgurance de l&rsquo;acrylique, J.D SABAN (conf\u00e9rence, d\u00e9monstration, d\u00e9bat)<\/li>\n<\/ul>\n<p>&nbsp;<\/p>\n<ul>\n<li>&#8211; <u>Dimanche 30 avril \u00e0 15h<\/u> : La magie de l&rsquo;huile, conf\u00e9rence, d\u00e9bat, J.D SABAN<\/li>\n<\/ul>\n<p>&nbsp;<\/p>\n<ul>\n<li>&#8211; <u>Dimanche 14 mai \u00e0 15h<\/u> : Dialogue avec la critique d&rsquo;art Aline Llareus-Dinier<\/li>\n<\/ul>\n<p>&nbsp;<\/p>\n<ul>\n<li>&#8211; <u>Dimanche 21 mai<\/u> :<\/li>\n<\/ul>\n<p style=\"padding-left: 60px;\"><u>de 10h30 \u00e0 12h :<\/u> (R.V \u00e0 10h au mus\u00e9e) Atelier de dessin sur le motif, J.D. SABAN<\/p>\n<p style=\"padding-left: 60px;\"><u>\u00e0 15 h :<\/u> Traits et morsures, causerie avec le po\u00e8te Claude Barr\u00e8re autour du dessin et de la gravure.<\/p>\n<div><\/div>\n<div>\u00a0Le mus\u00e9e Raymond Lafage<br \/>\n10 rue Victor Mazi\u00e8s, 81310 Lisle sur Tarn<br \/>\nest ouvert tous les jours sauf le mardi,<br \/>\nde 10h. \u00e0 midi et de 15h. \u00e0 18h .<\/div>\n<div><\/div>\n<div><em>Communiqu\u00e9 par Aurore<\/em><\/div>\n<p><a href=\"https:\/\/www.o-p-i.fr\/parlonsen\/agenda\/\"><strong>Retrouvez tous les \u00e9v\u00e9nements dans l&rsquo;agenda !<\/strong><\/a><\/p>\n<div><\/div>\n<div><\/div>\n","protected":false},"excerpt":{"rendered":"<div class=\"mh-excerpt\">Du 18 mars au 5 juin 2017, le Mus\u00e9e Raymond Lafage de Lisle sur Tarn \u00a0pr\u00e9sente une exposition \u00ab\u00a0Jean David SABAN, l&rsquo;oeuvre grav\u00e9 et la peinture\u00a0\u00bb.<\/div>\n","protected":false},"author":4,"featured_media":0,"comment_status":"open","ping_status":"open","sticky":false,"template":"","format":"standard","meta":{"om_disable_all_campaigns":false,"advanced_seo_description":"","jetpack_seo_html_title":"","jetpack_seo_noindex":false,"_jetpack_memberships_contains_paid_content":false,"footnotes":"","_links_to":"","_links_to_target":""},"categories":[52,42,1,54,2606,2607,2626],"tags":[234,269,1520,2671,78,189],"class_list":{"0":"post-31945","1":"post","2":"type-post","3":"status-publish","4":"format-standard","6":"category-parlons-en","7":"category-a-cote-de-chez-nous","8":"category-culture","9":"category-loisirs","10":"category-n-133-avril-2017","11":"category-n-134-mai-2017","12":"category-n-135-juin-2017","13":"tag-conference","14":"tag-exposition-peinture","15":"tag-gravure","16":"tag-atelier-de-dessin","17":"tag-musee-raymond-lafage","18":"tag-debat"},"jetpack_featured_media_url":"","views":{"total":0,"cached_at":"","cached_date":1738532693},"jetpack_likes_enabled":true,"jetpack_sharing_enabled":true,"jetpack_shortlink":"https:\/\/wp.me\/pg7Wxj-8jf","jetpack-related-posts":[],"_links":{"self":[{"href":"https:\/\/www.o-p-i.fr\/parlonsen\/wp-json\/wp\/v2\/posts\/31945","targetHints":{"allow":["GET"]}}],"collection":[{"href":"https:\/\/www.o-p-i.fr\/parlonsen\/wp-json\/wp\/v2\/posts"}],"about":[{"href":"https:\/\/www.o-p-i.fr\/parlonsen\/wp-json\/wp\/v2\/types\/post"}],"author":[{"embeddable":true,"href":"https:\/\/www.o-p-i.fr\/parlonsen\/wp-json\/wp\/v2\/users\/4"}],"replies":[{"embeddable":true,"href":"https:\/\/www.o-p-i.fr\/parlonsen\/wp-json\/wp\/v2\/comments?post=31945"}],"version-history":[{"count":0,"href":"https:\/\/www.o-p-i.fr\/parlonsen\/wp-json\/wp\/v2\/posts\/31945\/revisions"}],"wp:attachment":[{"href":"https:\/\/www.o-p-i.fr\/parlonsen\/wp-json\/wp\/v2\/media?parent=31945"}],"wp:term":[{"taxonomy":"category","embeddable":true,"href":"https:\/\/www.o-p-i.fr\/parlonsen\/wp-json\/wp\/v2\/categories?post=31945"},{"taxonomy":"post_tag","embeddable":true,"href":"https:\/\/www.o-p-i.fr\/parlonsen\/wp-json\/wp\/v2\/tags?post=31945"}],"curies":[{"name":"wp","href":"https:\/\/api.w.org\/{rel}","templated":true}]}}