{"id":32071,"date":"2017-04-04T19:31:52","date_gmt":"2017-04-04T18:31:52","guid":{"rendered":"\/parlonsen\/?p=32071"},"modified":"2017-04-04T21:39:12","modified_gmt":"2017-04-04T20:39:12","slug":"sophie-vissiere-a-saint-antonin-noble-val-82","status":"publish","type":"post","link":"https:\/\/www.o-p-i.fr\/parlonsen\/parlons-en\/culture\/sophie-vissiere-a-saint-antonin-noble-val-82\/","title":{"rendered":"Sophie VISSIERE \u00e0 Saint Antonin Noble Val (82)"},"content":{"rendered":"<p>La Librairie <strong>Le Tracteur Savant<\/strong> accueille Sophie Vissi\u00e8re, une jeune illustratrice pleine de talent, le <strong>samedi 8 et dimanche 9 avril 2017<\/strong>. \u00a0Son livre \u00ab\u00a0Le potager d&rsquo;Alena\u00a0\u00bb vient de para\u00eetre aux \u00e9ditions H\u00e9lium.<\/p>\n<p><!--more--><\/p>\n<div><img data-recalc-dims=\"1\" loading=\"lazy\" decoding=\"async\" class=\"aligncenter size-full wp-image-32072\" src=\"https:\/\/i0.wp.com\/www.o-p-i.fr\/parlonsen\/wp-content\/uploads\/Alena.jpg?resize=600%2C426&#038;ssl=1\" alt=\"\" width=\"600\" height=\"426\" srcset=\"https:\/\/i0.wp.com\/www.o-p-i.fr\/parlonsen\/wp-content\/uploads\/Alena.jpg?w=600&amp;ssl=1 600w, https:\/\/i0.wp.com\/www.o-p-i.fr\/parlonsen\/wp-content\/uploads\/Alena.jpg?resize=300%2C213&amp;ssl=1 300w, https:\/\/i0.wp.com\/www.o-p-i.fr\/parlonsen\/wp-content\/uploads\/Alena.jpg?resize=150%2C107&amp;ssl=1 150w, https:\/\/i0.wp.com\/www.o-p-i.fr\/parlonsen\/wp-content\/uploads\/Alena.jpg?resize=400%2C284&amp;ssl=1 400w\" sizes=\"auto, (max-width: 600px) 100vw, 600px\" \/>\u00ab\u00a0Pendant deux jours, nous aurons le plaisir d&rsquo;accueillir cette auteure, en partenariat avec la M\u00e9diath\u00e8que Am\u00e9lie Galup.<\/div>\n<div>Son exposition, dont le vernissage est pr\u00e9vu samedi 8 avril \u00e0 18h30, sera pr\u00e9sent\u00e9e \u00e0 la librairie jusqu&rsquo;au 23 avril.\u00a0\u00bb<\/div>\n<div>Aur\u00e8le et Delphine<\/div>\n<div>\n<div dir=\"ltr\">\n<div><strong>Librairie Le Tracteur Savant<\/strong><\/div>\n<div><span style=\"color: #990000;\"><b>3, place de la Halle<br \/>\n<\/b><\/span><span style=\"color: #990000;\">82140 Saint-Antonin-Noble-Val<br \/>\n07 82 55 72 27<\/span><br \/>\n<u><a href=\"http:\/\/www.letracteursavant.fr\/\" target=\"_blank\" rel=\"noreferrer\">www.letracteursavant.fr<\/a><\/u><\/div>\n<\/div>\n<div>Ouvert du mardi au samedi de 10h \u00e0 12h30 et de 14h \u00e0 18h.\u00a0Le dimanche de 9h \u00e0 13h<\/div>\n<\/div>\n<div><\/div>\n<div><em>\u00a0Communiqu\u00e9 par \u00ab\u00a0Le tracteur savant\u00a0\u00bb<\/em><\/div>\n<p><a href=\"https:\/\/www.o-p-i.fr\/parlonsen\/agenda\/\"><strong>Retrouvez tous les \u00e9v\u00e9nements dans l&rsquo;agenda !<\/strong><\/a><\/p>\n","protected":false},"excerpt":{"rendered":"<div class=\"mh-excerpt\">La Librairie Le Tracteur Savant accueille Sophie Vissi\u00e8re, une jeune illustratrice pleine de talent, le samedi 8 et dimanche 9 avril 2017. \u00a0Son livre \u00ab\u00a0Le potager d&rsquo;Alena\u00a0\u00bb vient de para\u00eetre aux \u00e9ditions H\u00e9lium.<\/div>\n","protected":false},"author":4,"featured_media":0,"comment_status":"open","ping_status":"open","sticky":false,"template":"","format":"standard","meta":{"om_disable_all_campaigns":false,"advanced_seo_description":"","jetpack_seo_html_title":"","jetpack_seo_noindex":false,"_jetpack_memberships_contains_paid_content":false,"footnotes":"","_links_to":"","_links_to_target":""},"categories":[42,1,54,2606],"tags":[172,1758,2698,2699,2700,2701],"class_list":{"0":"post-32071","1":"post","2":"type-post","3":"status-publish","4":"format-standard","6":"category-a-cote-de-chez-nous","7":"category-culture","8":"category-loisirs","9":"category-n-133-avril-2017","10":"tag-exposition","11":"tag-librairie","12":"tag-potager","13":"tag-potager-dalena","14":"tag-vernissage","15":"tag-le-tracteur-savant"},"jetpack_featured_media_url":"","views":{"total":0,"cached_at":"","cached_date":1738520225},"jetpack_likes_enabled":true,"jetpack_sharing_enabled":true,"jetpack_shortlink":"https:\/\/wp.me\/pg7Wxj-8lh","jetpack-related-posts":[],"_links":{"self":[{"href":"https:\/\/www.o-p-i.fr\/parlonsen\/wp-json\/wp\/v2\/posts\/32071","targetHints":{"allow":["GET"]}}],"collection":[{"href":"https:\/\/www.o-p-i.fr\/parlonsen\/wp-json\/wp\/v2\/posts"}],"about":[{"href":"https:\/\/www.o-p-i.fr\/parlonsen\/wp-json\/wp\/v2\/types\/post"}],"author":[{"embeddable":true,"href":"https:\/\/www.o-p-i.fr\/parlonsen\/wp-json\/wp\/v2\/users\/4"}],"replies":[{"embeddable":true,"href":"https:\/\/www.o-p-i.fr\/parlonsen\/wp-json\/wp\/v2\/comments?post=32071"}],"version-history":[{"count":0,"href":"https:\/\/www.o-p-i.fr\/parlonsen\/wp-json\/wp\/v2\/posts\/32071\/revisions"}],"wp:attachment":[{"href":"https:\/\/www.o-p-i.fr\/parlonsen\/wp-json\/wp\/v2\/media?parent=32071"}],"wp:term":[{"taxonomy":"category","embeddable":true,"href":"https:\/\/www.o-p-i.fr\/parlonsen\/wp-json\/wp\/v2\/categories?post=32071"},{"taxonomy":"post_tag","embeddable":true,"href":"https:\/\/www.o-p-i.fr\/parlonsen\/wp-json\/wp\/v2\/tags?post=32071"}],"curies":[{"name":"wp","href":"https:\/\/api.w.org\/{rel}","templated":true}]}}