{"id":32077,"date":"2017-04-06T07:59:02","date_gmt":"2017-04-06T06:59:02","guid":{"rendered":"\/parlonsen\/?p=32077"},"modified":"2017-06-16T10:08:24","modified_gmt":"2017-06-16T09:08:24","slug":"bals-et-thes-dansants-au-pays-des-tescous-2017","status":"publish","type":"post","link":"https:\/\/www.o-p-i.fr\/parlonsen\/localisation\/au-pays-des-tescous\/leojac\/bals-et-thes-dansants-au-pays-des-tescous-2017\/","title":{"rendered":"Bals et Th\u00e9s dansants &#8230;au Pays des Tescou&rsquo;s (2017)"},"content":{"rendered":"<p>Cette rubrique vous informe sur les bals et les th\u00e9s dansants organis\u00e9s ici et l\u00e0 par les associations.<\/p>\n<p><!--more--><\/p>\n<p>&nbsp;<\/p>\n<p>&nbsp;<\/p>\n<h2 style=\"text-align: center;\">Trop tard !!! Ils ont d\u00e9j\u00e0 eu lieu<\/h2>\n<h5>Dimanche 9 avril 2017<\/h5>\n<ul>\n<li><strong>VAISSAC<\/strong>\u00a0Th\u00e9 dansant. Organis\u00e9 par le Comit\u00e9 des f\u00eates de 14h.30 \u00e019h. Orchestre YA K DANSER<br \/>\nTarif: 8\u20ac50, patisseries, rafraichissements, caf\u00e9s sont offerts<br \/>\nRenseignements et r\u00e9servations :\u00a005 63\u00a030 82 14.<\/li>\n<\/ul>\n<h5>Jeudi 13 avril 2017<\/h5>\n<ul>\n<li><strong>SAINT ETIENNE DE TULMONT<\/strong> . L\u2019association \u00ab CLUB DES AINES \u00bb organise un Th\u00e9 dansant\u00a0\u00e0 la salle des f\u00eates<br \/>\nAnim\u00e9 par Bernard et Philippe<\/li>\n<\/ul>\n<h5>Jeudi 20 avril 2017<\/h5>\n<ul>\n<li><strong>LEOJAC<\/strong> \u00a0Les A\u00een\u00e9s de L\u00e9ojac organisent un th\u00e9 dansant jeudi\u00a0 20 avril \u00e0 14h30 \u00a0\u00a0\u00e0 la salle des f\u00eates .<br \/>\nL\u2019animation sera assur\u00e9e par l\u2019orchestre Tonic Musette.<br \/>\nRenseignements et r\u00e9servations\u00a0: 05 63 63 56 70 ou 05 63 03 11 90<\/li>\n<\/ul>\n<h5>Dimanche 30 avril 2017<\/h5>\n<ul>\n<li><strong>VAISSAC<\/strong> Grand bal de Printemps\u00a0organis\u00e9 par\u00a0le Comit\u00e9 des F\u00eates, \u00e0 14h.30 \u00e0 la salle des f\u00eates<br \/>\nAnim\u00e9 par Pyr\u00e9n\u00e9es Musette et ses 4 musiciens.<br \/>\nEntr\u00e9e 10\u20ac, \u00e0\u00a0la pause, p\u00e2tisseries,boissons et caf\u00e9 sont offerts.<br \/>\nRenseignements et r\u00e9servations au : 05 63 30 82 14<\/li>\n<\/ul>\n<h5>Vendredi 5 mai 2017<\/h5>\n<ul>\n<li><strong>PUYLAGARDE\u00a0<\/strong>BAL TRADITIONNEL. Pour ses 20 ans, l&rsquo;Association \u00ab\u00a0Lous Dan\u00e7a\u00eeres\u00a0\u00bb f\u00eate son Anniversaire et organise un Bal 100% TRAD \u00e0 la Salle des F\u00eates de PUYLAGARDE (parquet cir\u00e9 ) \u00a0Cette soir\u00e9e sera anim\u00e9e \u00e0 partir de 21 h 30 par l&rsquo;orchestre Gilles SABY, accompagn\u00e9 de Jacques GRANIER, de Guillaume FABRE et de Gilles RAYNAL.<br \/>\nPour cette occasion, p\u00e2tisseries et fruits vous seront offerts. Pas de r\u00e9servations , mais comme d&rsquo;habitude des tables et des chaises \u00e0 votre disposition ainsi qu&rsquo;un bon accueil. Prix de l&rsquo;entr\u00e9e 8 euros.<\/li>\n<\/ul>\n<h5>Jeudi 11 mai\u00a02017<\/h5>\n<ul>\n<li><strong>SAINT ETIENNE DE TULMONT \u00a0<\/strong>Organis\u00e9 par les a\u00een\u00e9s \u00a0th\u00e9 dansant \u00e0 la salle des f\u00eates. Il sera anim\u00e9 par Y A K DANSER<\/li>\n<\/ul>\n<h5>Jeudi 18 mai 2017<\/h5>\n<ul>\n<li><strong>LEOJAC<\/strong>\u00a0Le prochain th\u00e9 dansant organis\u00e9 par le dynamique club des A\u00een\u00e9s de L\u00e9ojac et des environs, pr\u00e9sid\u00e9 par Denis Coupy. Il sera anim\u00e9 par G\u00e9rard Gouny<br \/>\nDes th\u00e9s dansants ont lieu tous les 3\u00e8mes jeudi du mois \u00e0 14h30. \u00e0 la salle des f\u00eates de L\u00e9ojac.<br \/>\nRenseignements et r\u00e9servations : 05 63 63 56 70 ou 05 63 03 11 90 .<\/li>\n<\/ul>\n<h5>Samedi 20 mai 2017<\/h5>\n<ul>\n<li><strong>VAOUR<\/strong> Soir\u00e9e dansante \u00e0 la\u00a0salle des f\u00eates \u00e0 partir de 21h.animation musicale dj christian,venez nombreux pour notre premi\u00e8re soir\u00e9e<br \/>\nBoisson et collation gratuite \u00e0 volont\u00e9 (th\u00e9-caf\u00e9-eau-jus de fruit-coca)<br \/>\n30% Rock&rsquo;N&rsquo;Roll, 20% Salsa, 20% Cha-cha-cha, 10% Bachata,20% Danses de Soci\u00e9t\u00e9<br \/>\nTarif: 6 \u20acuros<br \/>\nRenseignements:\u00a0VIGUIE Christian \u00a006 14 88 17 86<\/li>\n<\/ul>\n<p>&nbsp;<\/p>\n<p><span style=\"border-radius: 2px; text-indent: 20px; width: auto; padding: 0px 4px 0px 0px; text-align: center; font: bold 11px\/20px 'Helvetica Neue',Helvetica,sans-serif; color: #ffffff; background: #bd081c no-repeat scroll 3px 50% \/ 14px 14px; position: absolute; opacity: 1; z-index: 8675309; display: none; cursor: pointer;\">Enregistrer<\/span><\/p>\n","protected":false},"excerpt":{"rendered":"<div class=\"mh-excerpt\">Cette rubrique vous informe sur les bals et les th\u00e9s dansants organis\u00e9s ici et l\u00e0 par les associations.<\/div>\n","protected":false},"author":4,"featured_media":0,"comment_status":"open","ping_status":"open","sticky":false,"template":"","format":"standard","meta":{"om_disable_all_campaigns":false,"advanced_seo_description":"","jetpack_seo_html_title":"","jetpack_seo_noindex":false,"_jetpack_memberships_contains_paid_content":false,"footnotes":"","_links_to":"","_links_to_target":""},"categories":[828,30],"tags":[80,203,315,1763],"class_list":{"0":"post-32077","1":"post","2":"type-post","3":"status-publish","4":"format-standard","6":"category-au-pays-des-tescous","7":"category-leojac","8":"tag-the-dansant","9":"tag-saint-etienne-de-tulmont","10":"tag-vaissac","11":"tag-bal-musette"},"jetpack_featured_media_url":"","views":{"total":0,"cached_at":"","cached_date":1738520236},"jetpack_likes_enabled":true,"jetpack_sharing_enabled":true,"jetpack_shortlink":"https:\/\/wp.me\/pg7Wxj-8ln","jetpack-related-posts":[],"_links":{"self":[{"href":"https:\/\/www.o-p-i.fr\/parlonsen\/wp-json\/wp\/v2\/posts\/32077","targetHints":{"allow":["GET"]}}],"collection":[{"href":"https:\/\/www.o-p-i.fr\/parlonsen\/wp-json\/wp\/v2\/posts"}],"about":[{"href":"https:\/\/www.o-p-i.fr\/parlonsen\/wp-json\/wp\/v2\/types\/post"}],"author":[{"embeddable":true,"href":"https:\/\/www.o-p-i.fr\/parlonsen\/wp-json\/wp\/v2\/users\/4"}],"replies":[{"embeddable":true,"href":"https:\/\/www.o-p-i.fr\/parlonsen\/wp-json\/wp\/v2\/comments?post=32077"}],"version-history":[{"count":0,"href":"https:\/\/www.o-p-i.fr\/parlonsen\/wp-json\/wp\/v2\/posts\/32077\/revisions"}],"wp:attachment":[{"href":"https:\/\/www.o-p-i.fr\/parlonsen\/wp-json\/wp\/v2\/media?parent=32077"}],"wp:term":[{"taxonomy":"category","embeddable":true,"href":"https:\/\/www.o-p-i.fr\/parlonsen\/wp-json\/wp\/v2\/categories?post=32077"},{"taxonomy":"post_tag","embeddable":true,"href":"https:\/\/www.o-p-i.fr\/parlonsen\/wp-json\/wp\/v2\/tags?post=32077"}],"curies":[{"name":"wp","href":"https:\/\/api.w.org\/{rel}","templated":true}]}}