{"id":32181,"date":"2017-04-19T08:19:16","date_gmt":"2017-04-19T07:19:16","guid":{"rendered":"\/parlonsen\/?p=32181"},"modified":"2017-04-20T11:30:12","modified_gmt":"2017-04-20T10:30:12","slug":"des-rendez-vous-festifs-a-negrepelisse-82","status":"publish","type":"post","link":"https:\/\/www.o-p-i.fr\/parlonsen\/parlons-en\/culture\/des-rendez-vous-festifs-a-negrepelisse-82\/","title":{"rendered":"Des rendez-vous festifs \u00e0 N\u00e8grepelisse (82)"},"content":{"rendered":"<p>Rencontre et Atelier avec Nathalie Minne,\u00a0M\u00e9diath\u00e8que de N\u00e8grepelisse<b>,\u00a0<\/b><b>Samedi 22 avril 2017 de 14h \u00e0 16h<\/b><!--more--><\/p>\n<p><img data-recalc-dims=\"1\" loading=\"lazy\" decoding=\"async\" class=\"aligncenter size-full wp-image-32182\" src=\"https:\/\/i0.wp.com\/www.o-p-i.fr\/parlonsen\/wp-content\/uploads\/Negre-22avril.jpg?resize=650%2C460&#038;ssl=1\" alt=\"\" width=\"650\" height=\"460\" srcset=\"https:\/\/i0.wp.com\/www.o-p-i.fr\/parlonsen\/wp-content\/uploads\/Negre-22avril.jpg?w=650&amp;ssl=1 650w, https:\/\/i0.wp.com\/www.o-p-i.fr\/parlonsen\/wp-content\/uploads\/Negre-22avril.jpg?resize=300%2C212&amp;ssl=1 300w, https:\/\/i0.wp.com\/www.o-p-i.fr\/parlonsen\/wp-content\/uploads\/Negre-22avril.jpg?resize=150%2C106&amp;ssl=1 150w, https:\/\/i0.wp.com\/www.o-p-i.fr\/parlonsen\/wp-content\/uploads\/Negre-22avril.jpg?resize=400%2C283&amp;ssl=1 400w\" sizes=\"auto, (max-width: 650px) 100vw, 650px\" \/>A partir de 6 ans<\/p>\n<p>Venez imaginer, avec Nathalie et son petit h\u00e9ros Malo, l&rsquo;ami de la sir\u00e8ne, le fond de la mer et ses habitants\u2026Cr\u00e9ation de pochoirs, d\u00e9coupa<img data-recalc-dims=\"1\" loading=\"lazy\" decoding=\"async\" class=\"alignright wp-image-32183\" src=\"https:\/\/i0.wp.com\/www.o-p-i.fr\/parlonsen\/wp-content\/uploads\/Malo.jpg?resize=200%2C153&#038;ssl=1\" alt=\"\" width=\"200\" height=\"153\" \/>ges, collages et dessins pour repr\u00e9senter des algues, des poissons, des rochers, des sir\u00e8nes\u2026 et \u00a0r\u00eaver tous ensemble !<br \/>\nNathalie Minne est l&rsquo;auteure de 4 albums merveilleux publi\u00e9s par la prestigieuse maison d&rsquo;\u00e9ditions Casterman : Le petit voleur de mots ; Le petit gar\u00e7on de la for\u00eat ; Le petit voleur de temps ; Mon amie la sir\u00e8ne.<br \/>\nAvec papiers d\u00e9coup\u00e9s, crayons et pastels, l&rsquo;artiste met en sc\u00e8ne de petits personnages\u2026 dans leur bulle, en apesanteur, qui se rencontrent au coeur de grands espaces o\u00f9 le temps semble suspendu.<br \/>\nHistoires d&rsquo;amour et d&rsquo;amiti\u00e9 o\u00f9 l&rsquo;on \u00e9change en partageant les mots et des silences, se conna\u00eet en tissant des liens qui remplissent le quotidien et sans doute toute une vie \u00e0 venir.<br \/>\n<b>En partenariat avec l&rsquo;<a href=\"http:\/\/www.livrejeunesse82.com\/REEL\" target=\"_blank\">association REEL.<br \/>\n<\/a><\/b><\/p>\n<p style=\"line-height: 1.38; margin: 0px;\"><span style=\"color: #808000; font-size: 13pt;\"><b><span style=\"font-family: 'Trebuchet MS'; font-variant: normal; text-decoration: none; vertical-align: baseline;\"><img data-recalc-dims=\"1\" loading=\"lazy\" decoding=\"async\" class=\"alignleft wp-image-32210\" src=\"https:\/\/i0.wp.com\/www.o-p-i.fr\/parlonsen\/wp-content\/uploads\/bulles.jpg?resize=250%2C166&#038;ssl=1\" alt=\"\" width=\"250\" height=\"166\" srcset=\"https:\/\/i0.wp.com\/www.o-p-i.fr\/parlonsen\/wp-content\/uploads\/bulles.jpg?w=200&amp;ssl=1 200w, https:\/\/i0.wp.com\/www.o-p-i.fr\/parlonsen\/wp-content\/uploads\/bulles.jpg?resize=150%2C100&amp;ssl=1 150w\" sizes=\"auto, (max-width: 250px) 100vw, 250px\" \/>Jardin, m\u00e9diath\u00e8que de N\u00e8grepelisse \u00ab\u00a0<\/span><\/b><\/span><span style=\"color: #993300; font-size: 16pt; font-family: 'trebuchet ms',sans-serif;\"><b><span style=\"font-variant: normal; text-decoration: none; vertical-align: baseline;\">D\u00e8s en bulle\u00a0\u00bb<\/span><\/b><\/span><\/p>\n<p style=\"line-height: 1.38; margin: 0px;\"><span style=\"font-size: 14pt; color: #993300;\"><b><span style=\"font-family: 'Trebuchet MS'; background-color: transparent; font-variant: normal; text-decoration: none; vertical-align: baseline;\"><span style=\"font-family: 'Trebuchet MS'; background-color: transparent; font-weight: 400; font-variant: normal; text-decoration: none; vertical-align: baseline;\">D\u00e9ambulation et performance de bulles g\u00e9antes\u00a0<\/span><\/span><\/b><\/span><b><span style=\"font-size: 12pt; font-family: 'Trebuchet MS'; color: #000000; background-color: transparent; font-variant: normal; text-decoration: none; vertical-align: baseline;\">Cie l\u2019Envers du monde<\/span><\/b><\/p>\n<p style=\"line-height: 1.38; margin: 0px;\"><span style=\"font-size: 10pt; font-family: 'Trebuchet MS'; color: #000000; background-color: transparent; font-weight: 400; font-variant: normal; text-decoration: none; vertical-align: baseline;\">\u00a0<\/span><span style=\"font-size: 10pt; font-family: Arial; color: #000000; background-color: transparent; font-weight: 400; font-variant: normal; text-decoration: none; vertical-align: baseline;\">Un carrosse-nuage faiseur de r\u00eave passe et repasse.\u00a0<\/span><span style=\"font-size: 10pt; font-family: Arial; color: #000000; background-color: transparent; font-weight: 400; font-variant: normal; text-decoration: none; vertical-align: baseline;\">Des bulles s\u2019envolent.<\/span><\/p>\n<p style=\"line-height: 1.2; margin: 0px; text-align: justify;\"><span style=\"font-size: 10pt; font-family: Arial; color: #000000; background-color: transparent; font-weight: 400; font-variant: normal; text-decoration: none; vertical-align: baseline;\">Les f\u00e9es-bulles naissent probablement dans des n\u00e9nuphars, et les faiseurs de vent insufflent s\u00fbrement des po\u00e8mes dans des bulles de savon\u2026<\/span><\/p>\n<p style=\"line-height: 1.2; margin: 0px; text-align: justify;\"><span style=\"font-size: 10pt; font-family: Arial; color: #000000; background-color: transparent; font-weight: 400; font-variant: normal; text-decoration: none; vertical-align: baseline;\">\u00ab D\u00e8s en bulle \u00bb voyage entre l\u2019air et l\u2019eau transportant sur son navire imaginaire des sph\u00e8res \u00e9ph\u00e9m\u00e8res.<\/span><\/p>\n<p style=\"line-height: 1.2; margin: 0px; text-align: justify;\"><span style=\"font-size: 10pt; font-family: Arial; color: #000000; background-color: transparent; font-weight: 400; font-variant: normal; text-decoration: none; vertical-align: baseline;\">C\u2019est un songe qui transforme notre perception du r\u00e9el.<\/span><\/p>\n<p style=\"line-height: 1.2; margin: 0px; text-align: justify;\"><span style=\"font-size: 10pt; font-family: Arial; color: #000000; background-color: transparent; font-weight: 400; font-variant: normal; text-decoration: none; vertical-align: baseline;\">Tout en lenteur ce spectacle est suspendu comme en apesanteur avec une ambiance douce et l\u00e9g\u00e8re.<\/span><\/p>\n<p style=\"line-height: 1.2; margin: 0px; text-align: justify;\"><span style=\"font-size: 10pt; font-family: Arial; color: #000000; background-color: transparent; font-weight: 400; font-variant: normal; text-decoration: none; vertical-align: baseline;\">Le public se rassemble et s\u2019\u00e9merveille devant ces formes rondes aux couleurs iris\u00e9es qui am\u00e8nent une \u00e9motion o\u00f9 chacun retrouve son \u00e2me d\u2019enfant.<\/span><\/p>\n<p style=\"line-height: 1.2; margin: 0px; text-align: justify;\"><span style=\"font-size: 10pt; font-family: Arial; color: #000000; background-color: transparent; font-weight: 400; font-variant: normal; text-decoration: none; vertical-align: baseline;\">Avec patiente et imagination, nous avons trouv\u00e9 notre recette magique.<\/span><\/p>\n<p style=\"line-height: 1.2; margin: 0px; text-align: justify;\"><span style=\"font-size: 10pt; font-family: Arial; color: #000000; background-color: transparent; font-weight: 400; font-variant: normal; text-decoration: none; vertical-align: baseline;\">Notre volont\u00e9 est de faire conna\u00eetre l\u2019art de la bulle.<\/span><\/p>\n<p style=\"line-height: 1.2; margin: 0px; text-align: justify;\"><span style=\"font-size: 10pt; font-family: Arial; color: #000000; background-color: transparent; font-weight: 400; font-variant: normal; text-decoration: none; vertical-align: baseline;\">Les bulles interagissent avec l\u2019environnement dans lesquelles elles sont.<\/span><\/p>\n<p style=\"line-height: 1.2; margin: 0px; text-align: justify;\"><span style=\"font-size: 10pt; font-family: Arial; color: #000000; background-color: transparent; font-weight: 400; font-variant: normal; text-decoration: none; vertical-align: baseline;\">Brise, brume, soleil et vent les font changer de forme et d\u2019allure.<\/span><\/p>\n<p style=\"line-height: 1.2; margin: 0px; text-align: justify;\"><span style=\"font-size: 10pt; font-family: Arial; color: #000000; background-color: transparent; font-weight: 400; font-variant: normal; text-decoration: none; vertical-align: baseline;\">Avec nos bulliers et objets d\u00e9tourn\u00e9s, nous sculptons des formes improbables, spectaculaires et \u00e9ph\u00e9m\u00e8res.<\/span><\/p>\n<p style=\"line-height: 1.2; margin: 0px; text-align: justify;\">\n<p style=\"line-height: 1.38; margin: 0px;\">\n<ul>\n<li style=\"line-height: 1.38; margin: 0px;\"><b><span style=\"font-size: 10pt; font-family: Arial; color: #000000; background-color: transparent; font-variant: normal; text-decoration: none; vertical-align: baseline;\">Gratuit &#8211; Inscription et renseignements : 05.63.64.25.55 ou <\/span><\/b><a style=\"text-decoration: none;\" href=\"mailto:culture.cctva@info82.com\" target=\"_blank\"><b><span style=\"font-size: 10pt; font-family: Arial; color: #1155cc; background-color: transparent; font-variant: normal; text-decoration: underline; vertical-align: baseline;\">culture.cctva@info82.com<\/span><\/b><\/a><\/li>\n<\/ul>\n<p><em>Communiqu\u00e9 par la m\u00e9diath\u00e8que de N\u00e8grepelisse<\/em><\/p>\n<p><a href=\"https:\/\/www.o-p-i.fr\/parlonsen\/agenda\/\"><strong>Retrouvez tous les \u00e9v\u00e9nements dans l&rsquo;agenda !<\/strong><\/a><\/p>\n","protected":false},"excerpt":{"rendered":"<div class=\"mh-excerpt\">Rencontre et Atelier avec Nathalie Minne,\u00a0M\u00e9diath\u00e8que de N\u00e8grepelisse,\u00a0Samedi 22 avril 2017 de 14h \u00e0 16h<\/div>\n","protected":false},"author":4,"featured_media":0,"comment_status":"open","ping_status":"open","sticky":false,"template":"","format":"standard","meta":{"om_disable_all_campaigns":false,"advanced_seo_description":"","jetpack_seo_html_title":"","jetpack_seo_noindex":false,"_jetpack_memberships_contains_paid_content":false,"footnotes":"","_links_to":"","_links_to_target":""},"categories":[52,42,1,725,54,2606],"tags":[180,330,2700,2728],"class_list":{"0":"post-32181","1":"post","2":"type-post","3":"status-publish","4":"format-standard","6":"category-parlons-en","7":"category-a-cote-de-chez-nous","8":"category-culture","9":"category-formation-parlons-en","10":"category-loisirs","11":"category-n-133-avril-2017","12":"tag-atelier","13":"tag-rencontre","14":"tag-vernissage","15":"tag-malo"},"jetpack_featured_media_url":"","views":{"total":0,"cached_at":"","cached_date":1738518649},"jetpack_likes_enabled":true,"jetpack_sharing_enabled":true,"jetpack_shortlink":"https:\/\/wp.me\/pg7Wxj-8n3","jetpack-related-posts":[],"_links":{"self":[{"href":"https:\/\/www.o-p-i.fr\/parlonsen\/wp-json\/wp\/v2\/posts\/32181","targetHints":{"allow":["GET"]}}],"collection":[{"href":"https:\/\/www.o-p-i.fr\/parlonsen\/wp-json\/wp\/v2\/posts"}],"about":[{"href":"https:\/\/www.o-p-i.fr\/parlonsen\/wp-json\/wp\/v2\/types\/post"}],"author":[{"embeddable":true,"href":"https:\/\/www.o-p-i.fr\/parlonsen\/wp-json\/wp\/v2\/users\/4"}],"replies":[{"embeddable":true,"href":"https:\/\/www.o-p-i.fr\/parlonsen\/wp-json\/wp\/v2\/comments?post=32181"}],"version-history":[{"count":0,"href":"https:\/\/www.o-p-i.fr\/parlonsen\/wp-json\/wp\/v2\/posts\/32181\/revisions"}],"wp:attachment":[{"href":"https:\/\/www.o-p-i.fr\/parlonsen\/wp-json\/wp\/v2\/media?parent=32181"}],"wp:term":[{"taxonomy":"category","embeddable":true,"href":"https:\/\/www.o-p-i.fr\/parlonsen\/wp-json\/wp\/v2\/categories?post=32181"},{"taxonomy":"post_tag","embeddable":true,"href":"https:\/\/www.o-p-i.fr\/parlonsen\/wp-json\/wp\/v2\/tags?post=32181"}],"curies":[{"name":"wp","href":"https:\/\/api.w.org\/{rel}","templated":true}]}}