{"id":3242,"date":"2010-04-06T15:27:05","date_gmt":"2010-04-06T13:27:05","guid":{"rendered":"\/parlonsen\/?p=3242"},"modified":"2010-09-27T15:26:11","modified_gmt":"2010-09-27T13:26:11","slug":"nouvelle-saison-pour-la-piscine-a-monclar-de-quercy","status":"publish","type":"post","link":"https:\/\/www.o-p-i.fr\/parlonsen\/parlons-en\/pratique\/nouvelle-saison-pour-la-piscine-a-monclar-de-quercy\/","title":{"rendered":"Nouvelle saison pour la piscine &#8230; \u00e0 Monclar de Quercy"},"content":{"rendered":"<p>Lundi de P\u00e2ques, la <span style=\"color: #3366ff;\"><strong>piscine et le lac de Monclar de Quercy ont r\u00e9ouvert leurs portes<\/strong><\/span> pour une nouvelle saison, jusqu&rsquo;\u00e0 la Toussaint.<!--more--><\/p>\n<p><img data-recalc-dims=\"1\" loading=\"lazy\" decoding=\"async\" width=\"450\" height=\"303\" class=\"alignright size-full wp-image-3254\" title=\"Base de Loisirs de Monclar de Quercy\" src=\"https:\/\/i0.wp.com\/www.o-p-i.fr\/parlonsen\/wp-content\/uploads\/lac_monclar.jpg?resize=450%2C303&#038;ssl=1\" alt=\"Base de Loisirs de Monclar de Quercy\" srcset=\"https:\/\/i0.wp.com\/www.o-p-i.fr\/parlonsen\/wp-content\/uploads\/lac_monclar.jpg?w=450&amp;ssl=1 450w, https:\/\/i0.wp.com\/www.o-p-i.fr\/parlonsen\/wp-content\/uploads\/lac_monclar.jpg?resize=300%2C202&amp;ssl=1 300w\" sizes=\"auto, (max-width: 450px) 100vw, 450px\" \/><span style=\"color: #3366ff;\"><strong>Tarifs : <\/strong><\/span><br \/>\n<span style=\"color: #3366ff;\">Entr\u00e9e : <\/span><br \/>\nJourn\u00e9e\/Piscine\/Toboggan : 3 \u20ac<br \/>\nAbonnement R\u00e9sidant : 11 \u20ac<br \/>\nAbonnement Non R\u00e9sidant : 15 \u20ac<\/p>\n<p><span style=\"color: #3366ff;\"><strong>Activit\u00e9s : <\/strong><\/span><br \/>\n<span style=\"color: #3366ff;\">Voiliers ~Planches \u00e0 voile :<\/span><br \/>\nJourn\u00e9e : 3 \u20ac<br \/>\nSaison : 25 \u20ac<\/p>\n<p><span style=\"color: #3366ff;\">P\u00e9dalo : <\/span>4.50 \u20ac \/ demi-heure<\/p>\n<p><span style=\"color: #3366ff;\">Tennis : <\/span>(\u00e0 la salle polyvalente)<br \/>\nHeure de court : 3 \u20ac<\/p>\n<p><span style=\"color: #3366ff;\"><strong>Planning des jours d&rsquo;ouvertures :<\/strong><\/span> Cliquez sur un \u00e9l\u00e9ment pour voir les horaires d&rsquo;ouverture du guichet et des surveillances de baignade.<br \/>\n<iframe loading=\"lazy\" src=\"http:\/\/www.google.com\/calendar\/embed?height=600&amp;wkst=1&amp;bgcolor=%23FFFFFF&amp;src=g1tsm6hd3sqk11kladm6crcffs%40group.calendar.google.com&amp;color=%232952A3&amp;ctz=Europe%2FParis\" style=\" border-width:0 \" width=\"800\" height=\"600\" frameborder=\"0\" scrolling=\"no\"><\/iframe><br \/>\n<em>Agenda r\u00e9alis\u00e9 \u00e0 partir des \u00e9l\u00e9ments de <a href=\"https:\/\/www.o-p-i.fr\/aupays\/vie-des-communes\/la-vie-a-monclar-de-quercy\/\">La Lettre de la Mairie<\/a><\/em><\/p>\n<p>Retrouvez les horaires d&rsquo;ouverture dans l&rsquo;<a href=\"https:\/\/www.o-p-i.fr\/parlonsen\/parlons-en\/pratique\/nouvelle-saison-pour-la-piscine-a-monclar-de-quercy\/\">agenda g\u00e9n\u00e9ral<\/a><\/p>\n","protected":false},"excerpt":{"rendered":"<div class=\"mh-excerpt\">Lundi de P\u00e2ques, la piscine et le lac de Monclar de Quercy ont r\u00e9ouvert leurs portes pour une nouvelle saison, jusqu&rsquo;\u00e0 la Toussaint.<\/div>\n","protected":false},"author":2,"featured_media":0,"comment_status":"open","ping_status":"open","sticky":false,"template":"","format":"standard","meta":{"om_disable_all_campaigns":false,"advanced_seo_description":"","jetpack_seo_html_title":"","jetpack_seo_noindex":false,"_jetpack_memberships_contains_paid_content":false,"footnotes":"","_links_to":"","_links_to_target":""},"categories":[396,16,6,447],"tags":[143,323,460,461,462,463,464],"class_list":{"0":"post-3242","1":"post","2":"type-post","3":"status-publish","4":"format-standard","6":"category-cest-le-printemps","7":"category-monclar","8":"category-pratique","9":"category-n-48-avril-2010","10":"tag-monclar-de-quercy","11":"tag-enfant","12":"tag-piscine","13":"tag-lac","14":"tag-base-de-loisirs","15":"tag-quercy-vert","16":"tag-baignade"},"jetpack_featured_media_url":"","views":{"total":0,"cached_at":"","cached_date":1738343641},"jetpack_likes_enabled":true,"jetpack_sharing_enabled":true,"jetpack_shortlink":"https:\/\/wp.me\/pg7Wxj-Qi","jetpack-related-posts":[],"_links":{"self":[{"href":"https:\/\/www.o-p-i.fr\/parlonsen\/wp-json\/wp\/v2\/posts\/3242","targetHints":{"allow":["GET"]}}],"collection":[{"href":"https:\/\/www.o-p-i.fr\/parlonsen\/wp-json\/wp\/v2\/posts"}],"about":[{"href":"https:\/\/www.o-p-i.fr\/parlonsen\/wp-json\/wp\/v2\/types\/post"}],"author":[{"embeddable":true,"href":"https:\/\/www.o-p-i.fr\/parlonsen\/wp-json\/wp\/v2\/users\/2"}],"replies":[{"embeddable":true,"href":"https:\/\/www.o-p-i.fr\/parlonsen\/wp-json\/wp\/v2\/comments?post=3242"}],"version-history":[{"count":0,"href":"https:\/\/www.o-p-i.fr\/parlonsen\/wp-json\/wp\/v2\/posts\/3242\/revisions"}],"wp:attachment":[{"href":"https:\/\/www.o-p-i.fr\/parlonsen\/wp-json\/wp\/v2\/media?parent=3242"}],"wp:term":[{"taxonomy":"category","embeddable":true,"href":"https:\/\/www.o-p-i.fr\/parlonsen\/wp-json\/wp\/v2\/categories?post=3242"},{"taxonomy":"post_tag","embeddable":true,"href":"https:\/\/www.o-p-i.fr\/parlonsen\/wp-json\/wp\/v2\/tags?post=3242"}],"curies":[{"name":"wp","href":"https:\/\/api.w.org\/{rel}","templated":true}]}}