{"id":32448,"date":"2017-05-22T11:25:39","date_gmt":"2017-05-22T10:25:39","guid":{"rendered":"\/parlonsen\/?p=32448"},"modified":"2017-05-22T11:31:23","modified_gmt":"2017-05-22T10:31:23","slug":"quatrieme-soiree-de-leconomie-a-salvagnac-81","status":"publish","type":"post","link":"https:\/\/www.o-p-i.fr\/parlonsen\/localisation\/au-pays-des-tescous\/salvagnac\/quatrieme-soiree-de-leconomie-a-salvagnac-81\/","title":{"rendered":"Quatri\u00e8me soir\u00e9e de l&rsquo;\u00e9conomie &#8230; \u00e0 Salvagnac (81)"},"content":{"rendered":"<p>\u00ab\u00a0D\u00e9veloppement rural : pour une nouvelle \u00e9conomie\u00a0\u00bb, c&rsquo;est le th\u00e8me de cette soir\u00e9e qui aura lieu le <strong>mardi 30 mai 2017<\/strong> \u00e0 19 h 30, salle Caraven Cachin (salle du billard)<!--more--><\/p>\n<ul>\n<li><img data-recalc-dims=\"1\" loading=\"lazy\" decoding=\"async\" class=\"alignright wp-image-32453\" src=\"https:\/\/i0.wp.com\/www.o-p-i.fr\/parlonsen\/wp-content\/uploads\/Dev-Dur.jpg?resize=230%2C224&#038;ssl=1\" alt=\"\" width=\"230\" height=\"224\" srcset=\"https:\/\/i0.wp.com\/www.o-p-i.fr\/parlonsen\/wp-content\/uploads\/Dev-Dur.jpg?w=300&amp;ssl=1 300w, https:\/\/i0.wp.com\/www.o-p-i.fr\/parlonsen\/wp-content\/uploads\/Dev-Dur.jpg?resize=150%2C147&amp;ssl=1 150w\" sizes=\"auto, (max-width: 230px) 100vw, 230px\" \/>Cette rencontre\/d\u00e9bat s&rsquo;inscrit\u00a0dans le cadre de la semaine europ\u00e9enne du d\u00e9veloppement durable 2017, et fait suite \u00e0 trois rencontres : \u00ab\u00a0la finance \u00e9thique\u00a0\u00bb, \u00a0\u00bb la coop\u00e9rative\u00a0\u00bb et \u00ab\u00a0la gestion associative\u00a0\u00bb.<\/li>\n<li>Elle permettra d&rsquo;\u00e9changer sur les enjeux et les outils d\u2019un d\u00e9veloppement rural durable associant dynamiques territoriales, nouvelle \u00e9conomie et d\u00e9veloppement social.<\/li>\n<li>Jacques PRADES, enseignant chercheur \u00e0 l\u2019Universit\u00e9 Toulouse Jean JAUR\u00c8S, Responsable-fondateur du Master \u00ab La nouvelle \u00e9conomie sociale \u00bb, membre de l\u2019\u00e9quipe de recherche Dynamiques Rurales animera cette soir\u00e9e qui n\u2019est pas une conf\u00e9rence mais une rencontre, dans le plus pur style des conversations.<\/li>\n<li>L\u2019occasion pour tous d\u2019\u00e9changer sur les\u00a0pr\u00e9occupations locales et les\u00a0projets pour ici.<\/li>\n<\/ul>\n<p>Les soir\u00e9es de l\u2019\u00e9conomie sont organis\u00e9es par des citoyens de Salvagnac et soutenues par la mairie.<br \/>\n<strong>Contact<\/strong> : <a href=\"mailto:eco-socialetsolidaire-tescou@laposte.net\">eco-socialetsolidaire-tescou@laposte.net<\/a><\/p>\n<p>Tel : 06.0921.0958<br \/>\n<em>Communiqu\u00e9 par Yannick SEGUINES<\/em><\/p>\n<p><a href=\"https:\/\/www.o-p-i.fr\/parlonsen\/agenda\/\"><strong>Retrouvez tous les \u00e9v\u00e9nements dans l&rsquo;agenda !<\/strong><\/a><\/p>\n","protected":false},"excerpt":{"rendered":"<div class=\"mh-excerpt\">\u00ab\u00a0D\u00e9veloppement rural : pour une nouvelle \u00e9conomie\u00a0\u00bb, c&rsquo;est le th\u00e8me de cette soir\u00e9e qui aura lieu le mardi 30 mai 2017 \u00e0 19 h 30, salle Caraven Cachin (salle du billard)<\/div>\n","protected":false},"author":4,"featured_media":0,"comment_status":"open","ping_status":"open","sticky":false,"template":"","format":"standard","meta":{"om_disable_all_campaigns":false,"advanced_seo_description":"","jetpack_seo_html_title":"","jetpack_seo_noindex":false,"_jetpack_memberships_contains_paid_content":false,"footnotes":"","_links_to":"","_links_to_target":""},"categories":[1276,25,2607],"tags":[330,393,2804,2805],"class_list":{"0":"post-32448","1":"post","2":"type-post","3":"status-publish","4":"format-standard","6":"category-economie-parlons-en","7":"category-salvagnac","8":"category-n-134-mai-2017","9":"tag-rencontre","10":"tag-developpement-durable","11":"tag-nouvelle-economie","12":"tag-dynamique-rurale"},"jetpack_featured_media_url":"","views":{"total":0,"cached_at":"","cached_date":1738519193},"jetpack_likes_enabled":true,"jetpack_sharing_enabled":true,"jetpack_shortlink":"https:\/\/wp.me\/pg7Wxj-8rm","jetpack-related-posts":[],"_links":{"self":[{"href":"https:\/\/www.o-p-i.fr\/parlonsen\/wp-json\/wp\/v2\/posts\/32448","targetHints":{"allow":["GET"]}}],"collection":[{"href":"https:\/\/www.o-p-i.fr\/parlonsen\/wp-json\/wp\/v2\/posts"}],"about":[{"href":"https:\/\/www.o-p-i.fr\/parlonsen\/wp-json\/wp\/v2\/types\/post"}],"author":[{"embeddable":true,"href":"https:\/\/www.o-p-i.fr\/parlonsen\/wp-json\/wp\/v2\/users\/4"}],"replies":[{"embeddable":true,"href":"https:\/\/www.o-p-i.fr\/parlonsen\/wp-json\/wp\/v2\/comments?post=32448"}],"version-history":[{"count":0,"href":"https:\/\/www.o-p-i.fr\/parlonsen\/wp-json\/wp\/v2\/posts\/32448\/revisions"}],"wp:attachment":[{"href":"https:\/\/www.o-p-i.fr\/parlonsen\/wp-json\/wp\/v2\/media?parent=32448"}],"wp:term":[{"taxonomy":"category","embeddable":true,"href":"https:\/\/www.o-p-i.fr\/parlonsen\/wp-json\/wp\/v2\/categories?post=32448"},{"taxonomy":"post_tag","embeddable":true,"href":"https:\/\/www.o-p-i.fr\/parlonsen\/wp-json\/wp\/v2\/tags?post=32448"}],"curies":[{"name":"wp","href":"https:\/\/api.w.org\/{rel}","templated":true}]}}