{"id":32521,"date":"2017-05-25T15:25:11","date_gmt":"2017-05-25T14:25:11","guid":{"rendered":"\/parlonsen\/?p=32521"},"modified":"2017-06-08T14:13:53","modified_gmt":"2017-06-08T13:13:53","slug":"ca-bouge-a-negrepelisse-82","status":"publish","type":"post","link":"https:\/\/www.o-p-i.fr\/parlonsen\/localisation\/a-cote-de-chez-nous\/ca-bouge-a-negrepelisse-82\/","title":{"rendered":"Ca bouge&#8230; \u00e0 N\u00e8grepelisse (82)"},"content":{"rendered":"<p>Du<strong> samedi 27 mai au samedi 10 juin 2017<\/strong>, de quoi s&rsquo;occuper \u00e0 N\u00e8grepelisse.<!--more--><\/p>\n<p><strong><img data-recalc-dims=\"1\" loading=\"lazy\" decoding=\"async\" class=\"alignright size-full wp-image-32522\" src=\"https:\/\/i0.wp.com\/www.o-p-i.fr\/parlonsen\/wp-content\/uploads\/Negre-27-mai.jpg?resize=200%2C282&#038;ssl=1\" alt=\"\" width=\"200\" height=\"282\" srcset=\"https:\/\/i0.wp.com\/www.o-p-i.fr\/parlonsen\/wp-content\/uploads\/Negre-27-mai.jpg?w=200&amp;ssl=1 200w, https:\/\/i0.wp.com\/www.o-p-i.fr\/parlonsen\/wp-content\/uploads\/Negre-27-mai.jpg?resize=106%2C150&amp;ssl=1 106w\" sizes=\"auto, (max-width: 200px) 100vw, 200px\" \/>Samedi 27 Mai<\/strong><\/p>\n<ul>\n<li>Repas Spectacle organis\u00e9 par l\u2019ACNAL \u00e0 la salle des f\u00eates de N\u00e8grepelisse \u00e0 partir de 19h30, avec le groupe Soleil de Nuit. Sur r\u00e9servation. Contact au 06 74 82 21 76<\/li>\n<li>Tournoi de l\u2019\u00e9cole de rugby Jean Tach\u00e9-Guy Lacaze-Benoit Borderies au stade Jean Fleury et aux terrains de sports de Lauzel. Toute la journ\u00e9e.<\/li>\n<\/ul>\n<p><strong>Dimanche 28 mai<\/strong><\/p>\n<ul>\n<li>Vide-grenier organis\u00e9 par le SCN P\u00e9tanque toute la journ\u00e9e \u00e0 l\u2019Espace de loisirs de la Sorbonne Aim\u00e9 Padi\u00e9. Contact au 06 74 40 81 48<\/li>\n<\/ul>\n<p><strong>Mercredi 31 Mai au samedi 10 juin<\/strong><\/p>\n<ul>\n<li>Troc livre \u00e0 la M\u00e9diath\u00e8que de N\u00e8grepelisse: Vous poss\u00e9dez des livres en bon \u00e9tat qui ne vous int\u00e9ressent plus ? Venez les \u00e9changer avec ceux d&rsquo;autres lecteurs. Le principe est simple : 1 livre apport\u00e9 = 1 livre emport\u00e9 (dans la limite de 10 livres)<br \/>\nRenseignement : 05.63.64.25.55 ou bibnegrepelisse@info82.com<\/li>\n<\/ul>\n<p><strong>Mercredi 31 Mai<\/strong><\/p>\n<ul>\n<li>Conf\u00e9rence\/D\u00e9bat \u201cApr\u00e8s 60 ans, vieillir en bonne sant\u00e9\u201d \u00e0 la r\u00e9sidence Les Essentielles \u00e0 15 heures, \u00e0 l\u2019initiative de l\u2019association G\u00e9ronto 82. Entr\u00e9e gratuite. Tester vos connaissances et venez vous r\u00e9galer avec des produits locaux pour une collation. Contact 05 63 66 49 10<\/li>\n<\/ul>\n<p><strong>Jeudi 1er juin<\/strong><\/p>\n<ul>\n<li>Tous les 1ers jeudis de chaque mois, une visite guid\u00e9e gratuite des principaux \u00e9difices patrimoniaux de la commune est organis\u00e9e par Mme Ma\u00eft\u00e9 Vergnes, conseill\u00e8re municipale. Le rendez-vous est fix\u00e9 \u00e0 14h30 devant l\u2019h\u00f4tel de ville (5 place de la mairie). R\u00e9servation obligatoire au 05.63.64.22.66 ou au 05.63.64.20.90 mvergnes@wanadoo.fr. Groupe minimum de 5 personnes. Visite guid\u00e9e d\u20191 heure 30.<\/li>\n<\/ul>\n<p><strong>Vendredi 9 juin<\/strong><\/p>\n<ul>\n<li>Ap\u00e9ro-concert avec le groupe La Bedoune compos\u00e9 de Greg et C\u00e9cile Perfetti, organis\u00e9 par l\u2019OGEC de l\u2019\u00e9cole Ste-Th\u00e9r\u00e8se avec en 1\u00e8re partie la pr\u00e9sentation de l\u2019hymne de l\u2019\u00e9cole chant\u00e9 par tous les \u00e9coliers et cr\u00e9e par C\u00e9cile Perfetti. Ap\u00e9ro-concert dans la cour du ch\u00e2teau de N\u00e8grepelisse \u00e0 19h30. Buvette et restauration sur place. Concert gratuit.<\/li>\n<\/ul>\n<p><em>Communiqu\u00e9 par Aurore DEFFRENE<\/em><\/p>\n<p><a href=\"https:\/\/www.o-p-i.fr\/parlonsen\/agenda\/\"><strong>Retrouvez tous les \u00e9v\u00e9nements dans l&rsquo;agenda !<\/strong><\/a><\/p>\n","protected":false},"excerpt":{"rendered":"<div class=\"mh-excerpt\">Du samedi 27 mai au samedi 10 juin 2017, de quoi s&rsquo;occuper \u00e0 N\u00e8grepelisse.<\/div>\n","protected":false},"author":4,"featured_media":0,"comment_status":"open","ping_status":"open","sticky":false,"template":"","format":"standard","meta":{"om_disable_all_campaigns":false,"advanced_seo_description":"","jetpack_seo_html_title":"","jetpack_seo_noindex":false,"_jetpack_memberships_contains_paid_content":false,"footnotes":"","_links_to":"","_links_to_target":""},"categories":[42,2626],"tags":[],"class_list":{"0":"post-32521","1":"post","2":"type-post","3":"status-publish","4":"format-standard","6":"category-a-cote-de-chez-nous","7":"category-n-135-juin-2017"},"jetpack_featured_media_url":"","views":{"total":0,"cached_at":"","cached_date":1738519180},"jetpack_likes_enabled":true,"jetpack_sharing_enabled":true,"jetpack_shortlink":"https:\/\/wp.me\/pg7Wxj-8sx","jetpack-related-posts":[],"_links":{"self":[{"href":"https:\/\/www.o-p-i.fr\/parlonsen\/wp-json\/wp\/v2\/posts\/32521","targetHints":{"allow":["GET"]}}],"collection":[{"href":"https:\/\/www.o-p-i.fr\/parlonsen\/wp-json\/wp\/v2\/posts"}],"about":[{"href":"https:\/\/www.o-p-i.fr\/parlonsen\/wp-json\/wp\/v2\/types\/post"}],"author":[{"embeddable":true,"href":"https:\/\/www.o-p-i.fr\/parlonsen\/wp-json\/wp\/v2\/users\/4"}],"replies":[{"embeddable":true,"href":"https:\/\/www.o-p-i.fr\/parlonsen\/wp-json\/wp\/v2\/comments?post=32521"}],"version-history":[{"count":0,"href":"https:\/\/www.o-p-i.fr\/parlonsen\/wp-json\/wp\/v2\/posts\/32521\/revisions"}],"wp:attachment":[{"href":"https:\/\/www.o-p-i.fr\/parlonsen\/wp-json\/wp\/v2\/media?parent=32521"}],"wp:term":[{"taxonomy":"category","embeddable":true,"href":"https:\/\/www.o-p-i.fr\/parlonsen\/wp-json\/wp\/v2\/categories?post=32521"},{"taxonomy":"post_tag","embeddable":true,"href":"https:\/\/www.o-p-i.fr\/parlonsen\/wp-json\/wp\/v2\/tags?post=32521"}],"curies":[{"name":"wp","href":"https:\/\/api.w.org\/{rel}","templated":true}]}}