{"id":32532,"date":"2017-05-25T17:12:34","date_gmt":"2017-05-25T16:12:34","guid":{"rendered":"\/parlonsen\/?p=32532"},"modified":"2017-06-01T23:47:48","modified_gmt":"2017-06-01T22:47:48","slug":"concert-a-la-guinguette-a-salvagnac-81","status":"publish","type":"post","link":"https:\/\/www.o-p-i.fr\/parlonsen\/numero-de-journal\/n-135-juin-2017\/concert-a-la-guinguette-a-salvagnac-81\/","title":{"rendered":"Concert \u00e0 \u00ab\u00a0La Guinguette\u00a0\u00bb&#8230;\u00e0 Salvagnac (81)"},"content":{"rendered":"<p>Le <strong>dimanche 11 juin 2017<\/strong>, \u00ab\u00a0La Guinguette\u00a0\u00bb accueille au Sourigous Les Noyos.<br \/>\n<!--more--><\/p>\n<p><img data-recalc-dims=\"1\" loading=\"lazy\" decoding=\"async\" class=\"alignright wp-image-32533\" src=\"https:\/\/i0.wp.com\/www.o-p-i.fr\/parlonsen\/wp-content\/uploads\/Guinguette-Noyos.jpg?resize=450%2C732&#038;ssl=1\" alt=\"\" width=\"450\" height=\"732\" srcset=\"https:\/\/i0.wp.com\/www.o-p-i.fr\/parlonsen\/wp-content\/uploads\/Guinguette-Noyos.jpg?resize=629%2C1024&amp;ssl=1 629w, https:\/\/i0.wp.com\/www.o-p-i.fr\/parlonsen\/wp-content\/uploads\/Guinguette-Noyos.jpg?resize=184%2C300&amp;ssl=1 184w, https:\/\/i0.wp.com\/www.o-p-i.fr\/parlonsen\/wp-content\/uploads\/Guinguette-Noyos.jpg?resize=92%2C150&amp;ssl=1 92w, https:\/\/i0.wp.com\/www.o-p-i.fr\/parlonsen\/wp-content\/uploads\/Guinguette-Noyos.jpg?resize=400%2C651&amp;ssl=1 400w, https:\/\/i0.wp.com\/www.o-p-i.fr\/parlonsen\/wp-content\/uploads\/Guinguette-Noyos.jpg?w=650&amp;ssl=1 650w\" sizes=\"auto, (max-width: 450px) 100vw, 450px\" \/>Les nOyOs sont un groupe amateur, amateur de bonne choses !<\/p>\n<p>Les nOyOs ne savent toujours pas comment prononcer leur nom bien qu&rsquo;ils disent en g\u00e9n\u00e9ral \u00ab les noyaux \u00bb en hommage aux r\u00e9p\u00e9titions un temps au studio du cerisier \u00e0 Toulouse apr\u00e8s une cr\u00e9ation au gite du Liron hors du commun dans le Comminges.\u2026<\/p>\n<p>Au d\u00e9part c&rsquo;\u00e9tait un stage pour les enfants o\u00f9 en une semaine on cr\u00e9\u00e9 un concert o\u00f9 tout le monde s&rsquo;essaye a tout. Puis les parents \u00e9taient jaloux, ils ont mis les gosses dehors et pris la place amenant bon vin et ripailles en plus des notes justes et fausses, qu&rsquo;importe on est pas sectaire\u2026<\/p>\n<p>voila. On a repris des morceaux b\u00eates et des moins b\u00eates finalement \u00e9crits par nous. Ca parle de blanc de rouge et de respecter l&rsquo;aliment, d&rsquo;amour aussi parfois souvent celui qui fait rire\u2026 c&rsquo;est pas m\u00e9chant mais certains se vexent quand m\u00eame. Y&rsquo;a plus qu&rsquo;\u00e0 essayer, comme c&rsquo;est au feeling vous pourriez bien tomber\u2026 en tout cas c&rsquo;est toujours avec le sourire et l&rsquo;\u00e9nergie !<\/p>\n<p>&nbsp;<\/p>\n<p><em>Communiqu\u00e9 par La Belle Equipe<\/em><\/p>\n<p><a href=\"https:\/\/www.o-p-i.fr\/parlonsen\/agenda\/\"><strong>Retrouvez tous les \u00e9v\u00e9nements dans l&rsquo;agenda !<\/strong><\/a><\/p>\n<p><span style=\"border-radius: 2px; text-indent: 20px; width: auto; padding: 0px 4px 0px 0px; text-align: center; font: bold 11px\/20px 'Helvetica Neue',Helvetica,sans-serif; color: #ffffff; background: #bd081c no-repeat scroll 3px 50% \/ 14px 14px; position: absolute; opacity: 1; z-index: 8675309; display: none; cursor: pointer; top: 115px; left: 895px;\">Enregistrer<\/span><\/p>\n","protected":false},"excerpt":{"rendered":"<div class=\"mh-excerpt\">Le dimanche 11 juin 2017, \u00ab\u00a0La Guinguette\u00a0\u00bb accueille au Sourigous Les Noyos.<\/div>\n","protected":false},"author":4,"featured_media":0,"comment_status":"open","ping_status":"open","sticky":false,"template":"","format":"standard","meta":{"om_disable_all_campaigns":false,"advanced_seo_description":"","jetpack_seo_html_title":"","jetpack_seo_noindex":false,"_jetpack_memberships_contains_paid_content":false,"footnotes":"","_links_to":"","_links_to_target":""},"categories":[2626],"tags":[],"class_list":{"0":"post-32532","1":"post","2":"type-post","3":"status-publish","4":"format-standard","6":"category-n-135-juin-2017"},"jetpack_featured_media_url":"","views":{"total":0,"cached_at":"","cached_date":1738519175},"jetpack_likes_enabled":true,"jetpack_sharing_enabled":true,"jetpack_shortlink":"https:\/\/wp.me\/pg7Wxj-8sI","jetpack-related-posts":[],"_links":{"self":[{"href":"https:\/\/www.o-p-i.fr\/parlonsen\/wp-json\/wp\/v2\/posts\/32532","targetHints":{"allow":["GET"]}}],"collection":[{"href":"https:\/\/www.o-p-i.fr\/parlonsen\/wp-json\/wp\/v2\/posts"}],"about":[{"href":"https:\/\/www.o-p-i.fr\/parlonsen\/wp-json\/wp\/v2\/types\/post"}],"author":[{"embeddable":true,"href":"https:\/\/www.o-p-i.fr\/parlonsen\/wp-json\/wp\/v2\/users\/4"}],"replies":[{"embeddable":true,"href":"https:\/\/www.o-p-i.fr\/parlonsen\/wp-json\/wp\/v2\/comments?post=32532"}],"version-history":[{"count":0,"href":"https:\/\/www.o-p-i.fr\/parlonsen\/wp-json\/wp\/v2\/posts\/32532\/revisions"}],"wp:attachment":[{"href":"https:\/\/www.o-p-i.fr\/parlonsen\/wp-json\/wp\/v2\/media?parent=32532"}],"wp:term":[{"taxonomy":"category","embeddable":true,"href":"https:\/\/www.o-p-i.fr\/parlonsen\/wp-json\/wp\/v2\/categories?post=32532"},{"taxonomy":"post_tag","embeddable":true,"href":"https:\/\/www.o-p-i.fr\/parlonsen\/wp-json\/wp\/v2\/tags?post=32532"}],"curies":[{"name":"wp","href":"https:\/\/api.w.org\/{rel}","templated":true}]}}