{"id":32628,"date":"2017-06-09T06:10:53","date_gmt":"2017-06-09T05:10:53","guid":{"rendered":"\/parlonsen\/?p=32628"},"modified":"2017-06-09T06:10:53","modified_gmt":"2017-06-09T05:10:53","slug":"en-juin-2017-au-colombier-a-cordes-sur-ciel","status":"publish","type":"post","link":"https:\/\/www.o-p-i.fr\/parlonsen\/parlons-en\/culture\/en-juin-2017-au-colombier-a-cordes-sur-ciel\/","title":{"rendered":"En juin 2017 au \u00ab\u00a0Colombier\u00a0\u00bb&#8230; \u00e0 Cordes sur Ciel"},"content":{"rendered":"<p>Th\u00e9\u00e2tre, Jazz, Musique, Danse&#8230;.<!--more--><\/p>\n<ul>\n<li><strong>Mercredi 21 juin 2017 \u00e0 18 h<br \/>\n<\/strong>Le Colombier participera activement \u00e0 la F\u00eate de la Musique dont l&rsquo;<strong>association Recto\/Verso<\/strong> a pris l\u2019initiative et qui aura lieu \u00e0 Cordes, d\u00e8s le d\u00e9but de l&rsquo;apr\u00e8s-midi. Original Jazzpirine Quartet<br \/>\nOriginal, parce qu&rsquo;il puise aux sources du jazz, vous savez&#8230; le jazz New Orleans, celui qui d\u00e9colle les oreilles, claque des doigts, ouvre les papilles et tr\u00e9pigne des pieds ! Original, parce que deux clarinettistes, parmi les meilleurs, concoctent leurs m\u00e9lodies enchev\u00eatr\u00e9es et d\u00e9lirantes, complices du banjo et de la contrebasse, tr\u00e9pidant de swing joyeux et chantant. Du bonheur \u00e0 \u00e9couter et \u00e0 partager, bien \u00e9videment.<br \/>\nEntr\u00e9e gratuite<br \/>\nParticipation libre au profit de l&rsquo;Association Recto\/Verso<\/li>\n<li><strong>Vendredi 9 juin de 19h30 \u00e0 22h<\/strong> \u00a0le Colombier accueillera Les PETITES POUCETTES &#8211; Les mineurs isol\u00e9s \u00e9trangers &#8211; dans le cadre des journ\u00e9es r\u00e9gionales d&rsquo;\u00e9tudes, organis\u00e9es par le R\u00e9seau National d&rsquo;Education Populaire.Le spectacle du monde : Lecture, musique et th\u00e9\u00e2tre.<br \/>\nEntr\u00e9e libre, mais r\u00e9servation conseill\u00e9e : chdulieu@hotmail.fr ou 06 07 51 17 24<\/li>\n<li><strong>Vendredi 23 juin<\/strong> Restitution des Ateliers Th\u00e9\u00e2tre men\u00e9s par Peggy Bazot :<br \/>\nLa compagnie \u00ab\u00a0Attire l&rsquo;art y go\u00a0\u00bb pr\u00e9sente 2 spectacles cr\u00e9ations enfants :<br \/>\nde 6 \u00e0 9 ans : \u00ab\u00a0FFF\u00a0\u00bb \u00e0 18 h 30 &#8211; dur\u00e9e 30 mn<br \/>\nde 9 \u00e0 11 ans : \u00ab\u00a0Les Quichemolles\u00a0\u00bb \u00e0 19h15 &#8211; dur\u00e9e 50 mn<br \/>\n\u200bParticipation libre mais n\u00e9cessaire.<br \/>\nAuberge espagnole sur place apr\u00e8s le spectacle.<br \/>\nInformations et r\u00e9servation : bazotpeggy@yahoo.fr ou 06 72 07 97 26<\/li>\n<li><strong><img data-recalc-dims=\"1\" loading=\"lazy\" decoding=\"async\" class=\"alignright size-medium wp-image-32688\" src=\"https:\/\/i0.wp.com\/www.o-p-i.fr\/parlonsen\/wp-content\/uploads\/Rustres.jpg?resize=300%2C192&#038;ssl=1\" alt=\"\" width=\"300\" height=\"192\" srcset=\"https:\/\/i0.wp.com\/www.o-p-i.fr\/parlonsen\/wp-content\/uploads\/Rustres.jpg?resize=300%2C192&amp;ssl=1 300w, https:\/\/i0.wp.com\/www.o-p-i.fr\/parlonsen\/wp-content\/uploads\/Rustres.jpg?resize=150%2C96&amp;ssl=1 150w, https:\/\/i0.wp.com\/www.o-p-i.fr\/parlonsen\/wp-content\/uploads\/Rustres.jpg?w=340&amp;ssl=1 340w\" sizes=\"auto, (max-width: 300px) 100vw, 300px\" \/><strong><strong>Dimanche 25 juin \u00e0 18h<\/strong>, <\/strong><\/strong>\u00e0 l&rsquo;initiative de l&rsquo;Association des Amis de Cordes et du comtat cordais, le th\u00e9\u00e2tre de l&rsquo;ELLIPSE pr\u00e9sente :\u00a0\u00bbLes Rustres\u00a0\u00bb de Carlo Goldoni \u00ab \u00c0 la maison ! C&rsquo;est moi qui commande \u00bb\u2026Le ton est donn\u00e9, on ne s&rsquo;amuse pas chez Lunardo, l&rsquo;un des rustres ; les femmes sont cens\u00e9es rester au foyer, pas question d&rsquo;aller s&rsquo;encanailler au Carnaval de Venise. \u00c9crite en 1760, la com\u00e9die de Carlo Goldoni est une satire de la bourgeoisie commer\u00e7ante v\u00e9nitienne, incarn\u00e9e par des hommes aussi born\u00e9s, r\u00e2leurs, qu&rsquo;intol\u00e9rants et dont la m\u00e9fiance \u00e0 l&rsquo;\u00e9gard de la gent f\u00e9minine confine \u00e0 l&rsquo;absurde. Mais tout est bien qui finit bien. La raison triomphe de la stupidit\u00e9. Ils finissent par leur conc\u00e9der la victoire, qu&rsquo;en femmes sages, elles ont modeste.<br \/>\nMise en sc\u00e8ne de Christian Fr\u00e9zouls.<br \/>\nPrix des places : 10 \u20ac<br \/>\nR\u00e9servation : 06 03 95 28 88<\/li>\n<\/ul>\n<p>Le Colombier sera \u00e9galement mis \u00e0 la disposition du Conservatoire de Musique et de Danse du Tarn, <strong>le 28 juin<\/strong> et \u00e0 l&rsquo;\u00e9cole de Cordes et du Pays Cordais, le <strong>30 juin<\/strong> pour la f\u00eate de fin d&rsquo;ann\u00e9e.<\/p>\n<p>Th\u00e9\u00e2tre le Colombier<br \/>\n8 rue des Tanneries 81170 Les Cabannes &#8211; Cordes sur Ciel<br \/>\n07 83 26 33 11 &#8211; contact@theatrelecolombier.fr<br \/>\nwww.theatrelecolombier.fr<\/p>\n<p>Billetterie<br \/>\nVous pouvez r\u00e9server vos places par t\u00e9l\u00e9phone au 07 83 26 33 11 et les r\u00e9gler au th\u00e9\u00e2tre le jour de la repr\u00e9sentation. La billetterie ouvre 1 heure avant le d\u00e9but du spectacle.<br \/>\nLe tarif r\u00e9duit s&rsquo;applique sur pr\u00e9sentation d&rsquo;un justificatif RSA, demandeur d&#8217;emploi ou \u00e9tudiant.<br \/>\nNous acceptons seulement les r\u00e8glements en esp\u00e8ces ou ch\u00e8que.<\/p>\n<p>&nbsp;<\/p>\n<p>Acc\u00e8s au Colombier<br \/>\nUn parking gratuit est \u00e0 votre disposition face au th\u00e9\u00e2tre.<\/p>\n<p>Bar<br \/>\nLe bar du Colombier vous accueille avant et apr\u00e8s les repr\u00e9sentations.<\/p>\n<p><em>Communiqu\u00e9 par \u00ab\u00a0Le Colombier\u00a0\u00bb<\/em><\/p>\n<p><a href=\"https:\/\/www.o-p-i.fr\/parlonsen\/agenda\/\"><strong>Retrouvez tous les \u00e9v\u00e9nements dans l&rsquo;agenda !<\/strong><\/a><\/p>\n<p>&nbsp;<\/p>\n","protected":false},"excerpt":{"rendered":"<div class=\"mh-excerpt\">Th\u00e9\u00e2tre, Jazz, Musique, Danse&#8230;.<\/div>\n","protected":false},"author":4,"featured_media":0,"comment_status":"open","ping_status":"open","sticky":false,"template":"","format":"standard","meta":{"om_disable_all_campaigns":false,"advanced_seo_description":"","jetpack_seo_html_title":"","jetpack_seo_noindex":false,"_jetpack_memberships_contains_paid_content":false,"footnotes":"","_links_to":"","_links_to_target":""},"categories":[52,42,1,54,2626],"tags":[57,435,2097],"class_list":{"0":"post-32628","1":"post","2":"type-post","3":"status-publish","4":"format-standard","6":"category-parlons-en","7":"category-a-cote-de-chez-nous","8":"category-culture","9":"category-loisirs","10":"category-n-135-juin-2017","11":"tag-theatre","12":"tag-jazz","13":"tag-cordes-sur-ciel"},"jetpack_featured_media_url":"","views":{"total":0,"cached_at":"","cached_date":1738518987},"jetpack_likes_enabled":true,"jetpack_sharing_enabled":true,"jetpack_shortlink":"https:\/\/wp.me\/pg7Wxj-8ug","jetpack-related-posts":[],"_links":{"self":[{"href":"https:\/\/www.o-p-i.fr\/parlonsen\/wp-json\/wp\/v2\/posts\/32628","targetHints":{"allow":["GET"]}}],"collection":[{"href":"https:\/\/www.o-p-i.fr\/parlonsen\/wp-json\/wp\/v2\/posts"}],"about":[{"href":"https:\/\/www.o-p-i.fr\/parlonsen\/wp-json\/wp\/v2\/types\/post"}],"author":[{"embeddable":true,"href":"https:\/\/www.o-p-i.fr\/parlonsen\/wp-json\/wp\/v2\/users\/4"}],"replies":[{"embeddable":true,"href":"https:\/\/www.o-p-i.fr\/parlonsen\/wp-json\/wp\/v2\/comments?post=32628"}],"version-history":[{"count":0,"href":"https:\/\/www.o-p-i.fr\/parlonsen\/wp-json\/wp\/v2\/posts\/32628\/revisions"}],"wp:attachment":[{"href":"https:\/\/www.o-p-i.fr\/parlonsen\/wp-json\/wp\/v2\/media?parent=32628"}],"wp:term":[{"taxonomy":"category","embeddable":true,"href":"https:\/\/www.o-p-i.fr\/parlonsen\/wp-json\/wp\/v2\/categories?post=32628"},{"taxonomy":"post_tag","embeddable":true,"href":"https:\/\/www.o-p-i.fr\/parlonsen\/wp-json\/wp\/v2\/tags?post=32628"}],"curies":[{"name":"wp","href":"https:\/\/api.w.org\/{rel}","templated":true}]}}