{"id":32630,"date":"2017-06-08T13:09:26","date_gmt":"2017-06-08T12:09:26","guid":{"rendered":"\/parlonsen\/?p=32630"},"modified":"2017-06-08T13:09:26","modified_gmt":"2017-06-08T12:09:26","slug":"trail-de-gresigne-a-puycelsi-82","status":"publish","type":"post","link":"https:\/\/www.o-p-i.fr\/parlonsen\/localisation\/a-cote-de-chez-nous\/trail-de-gresigne-a-puycelsi-82\/","title":{"rendered":"Trail de Gr\u00e9signe&#8230;\u00e0 Puycelsi (82)"},"content":{"rendered":"<p>Le Trail de Gr\u00e9signe <strong>du 25 juin 2017<\/strong> est organis\u00e9 par l\u2019association sportive des traileurs de Gr\u00e9signe (Val\u00e8s 81140 PUYCELSI)<!--more--><\/p>\n<p><img data-recalc-dims=\"1\" loading=\"lazy\" decoding=\"async\" class=\"alignright size-full wp-image-32631\" src=\"https:\/\/i0.wp.com\/www.o-p-i.fr\/parlonsen\/wp-content\/uploads\/TRAIL.jpg?resize=449%2C636&#038;ssl=1\" alt=\"\" width=\"449\" height=\"636\" srcset=\"https:\/\/i0.wp.com\/www.o-p-i.fr\/parlonsen\/wp-content\/uploads\/TRAIL.jpg?w=449&amp;ssl=1 449w, https:\/\/i0.wp.com\/www.o-p-i.fr\/parlonsen\/wp-content\/uploads\/TRAIL.jpg?resize=212%2C300&amp;ssl=1 212w, https:\/\/i0.wp.com\/www.o-p-i.fr\/parlonsen\/wp-content\/uploads\/TRAIL.jpg?resize=106%2C150&amp;ssl=1 106w, https:\/\/i0.wp.com\/www.o-p-i.fr\/parlonsen\/wp-content\/uploads\/TRAIL.jpg?resize=400%2C567&amp;ssl=1 400w\" sizes=\"auto, (max-width: 449px) 100vw, 449px\" \/>Quelques \u00e9l\u00e9ments descriptifs, compl\u00e9ment d&rsquo;information et r\u00e8glement sur le site des\u00a0<strong><a href=\"http:\/\/traildegresigne.com\/\" target=\"_blank\" rel=\"noopener noreferrer\">traileurs de gr\u00e9signe<\/a><\/strong><\/p>\n<p><strong>Epreuves<\/strong> : 3 \u00e9preuves de course \u00e0 pied faisant l\u2019objet d\u2019un classement final et une randonn\u00e9e sans classement sont organis\u00e9es :<\/p>\n<p>&#8211; les Maquisards 42 km environ avec d\u00e9nivel\u00e9 positif de 1500 m<br \/>\n&#8211; les Verriers 24 km environ avec d\u00e9nivel\u00e9 positif de 1000 m<br \/>\n&#8211; les Charbonniers 10 km environ avec d\u00e9nivel\u00e9 positif de 500 m<br \/>\n&#8211; la Randonn\u00e9e p\u00e9destre 10 km environ<\/p>\n<p>Les trac\u00e9s, distances et d\u00e9nivel\u00e9s sont donn\u00e9s \u00e0 titre indicatif et pourront<br \/>\nvarier jusqu\u2019au d\u00e9part de l\u2019\u00e9preuve, selon les conditions rencontr\u00e9es.<\/p>\n<p><strong>Horaires<\/strong> : le d\u00e9part des \u00e9preuves se font aux horaires suivants :<\/p>\n<ul>\n<li>7 h 30 d\u00e9part des Maquisards<\/li>\n<li>9 h 00 d\u00e9part des Verriers<\/li>\n<li>9 h 30 d\u00e9part de la Randonn\u00e9e<\/li>\n<li>10 h 00 d\u00e9part des Charbonniers<\/li>\n<\/ul>\n<p>En cas de changement, les nouveaux horaires seront adress\u00e9s sur le site<br \/>\nTrail de Gr\u00e9signe <a href=\"http:\/\/www.traildegresigne.com\" target=\"_blank\" rel=\"noopener noreferrer\">www.traildegresigne.com<\/a> et sa page Facebook.<br \/>\n<strong>Balisage<\/strong> : les parcours sont enti\u00e8rement balis\u00e9s et des b\u00e9n\u00e9voles sontpr\u00e9sents pour assurer l\u2019assistance des participants.<br \/>\n<strong>Barri\u00e8re horaire<\/strong> : pour le 42 km : 16 h 00.<br \/>\nDes b\u00e9n\u00e9voles ferment les parcours apr\u00e8s le d\u00e9part des coureurs et s\u2019assurent qu\u2019aucun participant n\u2019est en d\u00e9tresse.<br \/>\n<strong>Retrait des dossards<\/strong>: les dossards peuvent \u00eatre retir\u00e9s :<\/p>\n<ul>\n<li>le samedi 24 juin 2017 de 15 h \u00e0 19 h au village de PUYCELSI(salle communale).<\/li>\n<li>le dimanche 25 juin 2017 \u00e0 partir de 6 h et jusqu\u2019\u00e0 15 min de chaque d\u00e9part.<\/li>\n<\/ul>\n<p><strong>Ravitaillement<\/strong> : les \u00e9preuves se d\u00e9roulent en semi autonomie, les coureurs et randonneurs doivent se munir d\u2019une r\u00e9serve d\u2019eau et d\u2019aliments suffisante selon le trajet effectu\u00e9 et les conditions de course.<\/p>\n<ul>\n<li>les Charbonniers: \u00e0 4 km(ravitaillement solide)<\/li>\n<li>les Verriers : \u00e0 7km (ravitaillement liquide), \u00e0 16 km (ravitaillement solide)<\/li>\n<li>les Maquisards : \u00e0 7km (ravitaillement liquide), \u00e0 16 km (ravitaillement solide); \u00e0 26 km (ravitaillement liquide) et \u00e0 32km (solide)<\/li>\n<\/ul>\n<p>Un ravitaillement final est offert \u00e0 tous les participants.<\/p>\n<p><strong>Inscriptions<\/strong>:\u00a0<strong><a href=\"http:\/\/traildegresigne.com\/infos-inscriptions\/\" target=\"_blank\" rel=\"noopener noreferrer\">http:\/\/traildegresigne.com\/infos-inscriptions\/<\/a><\/strong><\/p>\n<p><em>Communiqu\u00e9 par C\u00e9dric VIDAL<\/em><\/p>\n<p><a href=\"https:\/\/www.o-p-i.fr\/parlonsen\/agenda\/\"><strong>Retrouvez tous les \u00e9v\u00e9nements dans l&rsquo;agenda !<\/strong><\/a><\/p>\n","protected":false},"excerpt":{"rendered":"<div class=\"mh-excerpt\">Le Trail de Gr\u00e9signe du 25 juin 2017 est organis\u00e9 par l\u2019association sportive des traileurs de Gr\u00e9signe (Val\u00e8s 81140 PUYCELSI)<\/div>\n","protected":false},"author":4,"featured_media":0,"comment_status":"open","ping_status":"open","sticky":false,"template":"","format":"standard","meta":{"om_disable_all_campaigns":false,"advanced_seo_description":"","jetpack_seo_html_title":"","jetpack_seo_noindex":false,"_jetpack_memberships_contains_paid_content":false,"footnotes":"","_links_to":"","_links_to_target":""},"categories":[42,54,53,2626],"tags":[762,1841,2828],"class_list":{"0":"post-32630","1":"post","2":"type-post","3":"status-publish","4":"format-standard","6":"category-a-cote-de-chez-nous","7":"category-loisirs","8":"category-sports","9":"category-n-135-juin-2017","10":"tag-randonnee-pedestre","11":"tag-course-a-pied","12":"tag-trail"},"jetpack_featured_media_url":"","views":{"total":0,"cached_at":"","cached_date":1738519112},"jetpack_likes_enabled":true,"jetpack_sharing_enabled":true,"jetpack_shortlink":"https:\/\/wp.me\/pg7Wxj-8ui","jetpack-related-posts":[],"_links":{"self":[{"href":"https:\/\/www.o-p-i.fr\/parlonsen\/wp-json\/wp\/v2\/posts\/32630","targetHints":{"allow":["GET"]}}],"collection":[{"href":"https:\/\/www.o-p-i.fr\/parlonsen\/wp-json\/wp\/v2\/posts"}],"about":[{"href":"https:\/\/www.o-p-i.fr\/parlonsen\/wp-json\/wp\/v2\/types\/post"}],"author":[{"embeddable":true,"href":"https:\/\/www.o-p-i.fr\/parlonsen\/wp-json\/wp\/v2\/users\/4"}],"replies":[{"embeddable":true,"href":"https:\/\/www.o-p-i.fr\/parlonsen\/wp-json\/wp\/v2\/comments?post=32630"}],"version-history":[{"count":0,"href":"https:\/\/www.o-p-i.fr\/parlonsen\/wp-json\/wp\/v2\/posts\/32630\/revisions"}],"wp:attachment":[{"href":"https:\/\/www.o-p-i.fr\/parlonsen\/wp-json\/wp\/v2\/media?parent=32630"}],"wp:term":[{"taxonomy":"category","embeddable":true,"href":"https:\/\/www.o-p-i.fr\/parlonsen\/wp-json\/wp\/v2\/categories?post=32630"},{"taxonomy":"post_tag","embeddable":true,"href":"https:\/\/www.o-p-i.fr\/parlonsen\/wp-json\/wp\/v2\/tags?post=32630"}],"curies":[{"name":"wp","href":"https:\/\/api.w.org\/{rel}","templated":true}]}}