{"id":32669,"date":"2017-06-08T20:14:30","date_gmt":"2017-06-08T19:14:30","guid":{"rendered":"\/parlonsen\/?p=32669"},"modified":"2017-06-08T20:14:30","modified_gmt":"2017-06-08T19:14:30","slug":"fete-de-vales-a-puycelsi-81","status":"publish","type":"post","link":"https:\/\/www.o-p-i.fr\/parlonsen\/localisation\/a-cote-de-chez-nous\/fete-de-vales-a-puycelsi-81\/","title":{"rendered":"F\u00eate de Val\u00e8s&#8230; \u00e0 Puycelsi (81)"},"content":{"rendered":"<p><strong>Samedi 1er juillet 2017<\/strong>, f\u00eate du hameau de Val\u00e8s.<!--more--><strong><img data-recalc-dims=\"1\" loading=\"lazy\" decoding=\"async\" class=\"alignright size-full wp-image-32671\" src=\"https:\/\/i0.wp.com\/www.o-p-i.fr\/parlonsen\/wp-content\/uploads\/lacher-ballons.jpg?resize=425%2C228&#038;ssl=1\" alt=\"\" width=\"425\" height=\"228\" srcset=\"https:\/\/i0.wp.com\/www.o-p-i.fr\/parlonsen\/wp-content\/uploads\/lacher-ballons.jpg?w=425&amp;ssl=1 425w, https:\/\/i0.wp.com\/www.o-p-i.fr\/parlonsen\/wp-content\/uploads\/lacher-ballons.jpg?resize=300%2C161&amp;ssl=1 300w, https:\/\/i0.wp.com\/www.o-p-i.fr\/parlonsen\/wp-content\/uploads\/lacher-ballons.jpg?resize=150%2C80&amp;ssl=1 150w, https:\/\/i0.wp.com\/www.o-p-i.fr\/parlonsen\/wp-content\/uploads\/lacher-ballons.jpg?resize=400%2C215&amp;ssl=1 400w\" sizes=\"auto, (max-width: 425px) 100vw, 425px\" \/>Au programme :<\/strong><\/p>\n<ul>\n<li>17 h 30, jeux pour les enfants (s\u2019inscrire !)<\/li>\n<li>19 h, l\u00e2cher de ballons.<\/li>\n<li>20 h , repas sous chapiteau : 18 EUR adulte, 9 EUR enfant de 6 \u00e0 12 ans.<\/li>\n<li>Vers 23 h, feu d\u2019artifice.<\/li>\n<\/ul>\n<p><strong>Inscriptions<\/strong> chez Colette et Henri au 05.63.58.29.88 ou au 06.80.52.40.72.<br \/>\nCourriel: henri.vidal@orange.fr<\/p>\n<p><em>Communiqu\u00e9 par Colette VIDAL<\/em><\/p>\n<p><a href=\"https:\/\/www.o-p-i.fr\/parlonsen\/agenda\/\"><strong>Retrouvez tous les \u00e9v\u00e9nements dans l&rsquo;agenda !<\/strong><\/a><\/p>\n","protected":false},"excerpt":{"rendered":"<div class=\"mh-excerpt\">Samedi 1er juillet 2017, f\u00eate du hameau de Val\u00e8s.<\/div>\n","protected":false},"author":4,"featured_media":0,"comment_status":"open","ping_status":"open","sticky":false,"template":"","format":"standard","meta":{"om_disable_all_campaigns":false,"advanced_seo_description":"","jetpack_seo_html_title":"","jetpack_seo_noindex":false,"_jetpack_memberships_contains_paid_content":false,"footnotes":"","_links_to":"","_links_to_target":""},"categories":[52,42,54,2626],"tags":[56,478,2830],"class_list":{"0":"post-32669","1":"post","2":"type-post","3":"status-publish","4":"format-standard","6":"category-parlons-en","7":"category-a-cote-de-chez-nous","8":"category-loisirs","9":"category-n-135-juin-2017","10":"tag-fete","11":"tag-puycelsi","12":"tag-vales"},"jetpack_featured_media_url":"","views":{"total":0,"cached_at":"","cached_date":1738519065},"jetpack_likes_enabled":true,"jetpack_sharing_enabled":true,"jetpack_shortlink":"https:\/\/wp.me\/pg7Wxj-8uV","jetpack-related-posts":[],"_links":{"self":[{"href":"https:\/\/www.o-p-i.fr\/parlonsen\/wp-json\/wp\/v2\/posts\/32669","targetHints":{"allow":["GET"]}}],"collection":[{"href":"https:\/\/www.o-p-i.fr\/parlonsen\/wp-json\/wp\/v2\/posts"}],"about":[{"href":"https:\/\/www.o-p-i.fr\/parlonsen\/wp-json\/wp\/v2\/types\/post"}],"author":[{"embeddable":true,"href":"https:\/\/www.o-p-i.fr\/parlonsen\/wp-json\/wp\/v2\/users\/4"}],"replies":[{"embeddable":true,"href":"https:\/\/www.o-p-i.fr\/parlonsen\/wp-json\/wp\/v2\/comments?post=32669"}],"version-history":[{"count":0,"href":"https:\/\/www.o-p-i.fr\/parlonsen\/wp-json\/wp\/v2\/posts\/32669\/revisions"}],"wp:attachment":[{"href":"https:\/\/www.o-p-i.fr\/parlonsen\/wp-json\/wp\/v2\/media?parent=32669"}],"wp:term":[{"taxonomy":"category","embeddable":true,"href":"https:\/\/www.o-p-i.fr\/parlonsen\/wp-json\/wp\/v2\/categories?post=32669"},{"taxonomy":"post_tag","embeddable":true,"href":"https:\/\/www.o-p-i.fr\/parlonsen\/wp-json\/wp\/v2\/tags?post=32669"}],"curies":[{"name":"wp","href":"https:\/\/api.w.org\/{rel}","templated":true}]}}