{"id":32673,"date":"2017-06-08T22:32:58","date_gmt":"2017-06-08T21:32:58","guid":{"rendered":"\/parlonsen\/?p=32673"},"modified":"2017-06-08T22:37:27","modified_gmt":"2017-06-08T21:37:27","slug":"le-duo-mabson-brasil-a-puycelsi-82","status":"publish","type":"post","link":"https:\/\/www.o-p-i.fr\/parlonsen\/localisation\/au-pays-des-tescous\/genebrieres\/le-duo-mabson-brasil-a-puycelsi-82\/","title":{"rendered":"Le duo MAB&rsquo;SON Brasil&#8230; \u00e0 Puycelsi (82)"},"content":{"rendered":"<p>Le <strong>9 juin \u00e0 19h30<\/strong>, le duo MAB&rsquo;SON Brasil anime\u00a0l&rsquo;ap\u00e9ro au Rocaf\u00e9 \u00e0 Puycelsi<!--more--><\/p>\n<p><img data-recalc-dims=\"1\" loading=\"lazy\" decoding=\"async\" class=\"alignright wp-image-32676 size-medium\" src=\"https:\/\/i0.wp.com\/www.o-p-i.fr\/parlonsen\/wp-content\/uploads\/MabSon.jpg?resize=212%2C300&#038;ssl=1\" alt=\"\" width=\"212\" height=\"300\" srcset=\"https:\/\/i0.wp.com\/www.o-p-i.fr\/parlonsen\/wp-content\/uploads\/MabSon.jpg?resize=212%2C300&amp;ssl=1 212w, https:\/\/i0.wp.com\/www.o-p-i.fr\/parlonsen\/wp-content\/uploads\/MabSon.jpg?resize=106%2C150&amp;ssl=1 106w, https:\/\/i0.wp.com\/www.o-p-i.fr\/parlonsen\/wp-content\/uploads\/MabSon.jpg?resize=400%2C566&amp;ssl=1 400w, https:\/\/i0.wp.com\/www.o-p-i.fr\/parlonsen\/wp-content\/uploads\/MabSon.jpg?w=425&amp;ssl=1 425w\" sizes=\"auto, (max-width: 212px) 100vw, 212px\" \/>Le duo MAB&rsquo;SON Brasil sous l&rsquo;impulsion de son chanteur Thiery Sonterra partage avec le public les chansons populaires Br\u00e9siliennes qui le font vibrer &#8230; Celles que l&rsquo;on entend sur le bord des plages \u00e0 Bahia, sur une place en plein centre de Rio de Janeiro.<\/p>\n<p>\u00c0 la fois intimes, percussives et m\u00e9lodieuses &#8230; Elles sont distill\u00e9es par ces deux artistes chaleureux, passionn\u00e9s de la culture br\u00e9silienne.<\/p>\n<p>Ils redonnent une nouvelle vie aux chansons de Gilberto Gil, Dorival Caymmi, Geronimo, Pixinguinha, Paulinho da Viola, Jo\u00e3o Bosco&#8230;.<\/p>\n<p>Guitare, chant, percussions: Thiery Sonterra<\/p>\n<p>Percussions : Helder de Almeida<\/p>\n<p><a href=\"https:\/\/www.cie-sonterrabrasil.com\/mabson-brasil-duo--\" target=\"_blank\" rel=\"noopener noreferrer\">MABSON BRASIL Duo<\/a>\u00a0 06 14 51 05 62<\/p>\n<p><a href=\"https:\/\/www.o-p-i.fr\/aupays\/annuaire\/loisirs\/chacun-son-rythme\/\" target=\"_blank\" rel=\"noopener noreferrer\">\u200bChacun son Rythme<\/a> Association loi 1901 Chacun Son Rythme, mairie 82230 Genebri\u00e8res.<\/p>\n<p><em>Communiqu\u00e9 par\u00a0Thiery et Ts\u00e9ts\u00e9<\/em><\/p>\n<p><a href=\"https:\/\/www.o-p-i.fr\/parlonsen\/agenda\/\"><strong>Retrouvez tous les \u00e9v\u00e9nements dans l&rsquo;agenda !<\/strong><\/a><\/p>\n","protected":false},"excerpt":{"rendered":"<div class=\"mh-excerpt\">Le 9 juin \u00e0 19h30, le duo MAB&rsquo;SON Brasil anime\u00a0l&rsquo;ap\u00e9ro au Rocaf\u00e9 \u00e0 Puycelsi<\/div>\n","protected":false},"author":4,"featured_media":0,"comment_status":"open","ping_status":"open","sticky":false,"template":"","format":"standard","meta":{"om_disable_all_campaigns":false,"advanced_seo_description":"","jetpack_seo_html_title":"","jetpack_seo_noindex":false,"_jetpack_memberships_contains_paid_content":false,"footnotes":"","_links_to":"","_links_to_target":""},"categories":[29,2626],"tags":[416,478,1303],"class_list":{"0":"post-32673","1":"post","2":"type-post","3":"status-publish","4":"format-standard","6":"category-genebrieres","7":"category-n-135-juin-2017","8":"tag-chanson","9":"tag-puycelsi","10":"tag-bresil"},"jetpack_featured_media_url":"","views":{"total":0,"cached_at":"","cached_date":1738519068},"jetpack_likes_enabled":true,"jetpack_sharing_enabled":true,"jetpack_shortlink":"https:\/\/wp.me\/pg7Wxj-8uZ","jetpack-related-posts":[],"_links":{"self":[{"href":"https:\/\/www.o-p-i.fr\/parlonsen\/wp-json\/wp\/v2\/posts\/32673","targetHints":{"allow":["GET"]}}],"collection":[{"href":"https:\/\/www.o-p-i.fr\/parlonsen\/wp-json\/wp\/v2\/posts"}],"about":[{"href":"https:\/\/www.o-p-i.fr\/parlonsen\/wp-json\/wp\/v2\/types\/post"}],"author":[{"embeddable":true,"href":"https:\/\/www.o-p-i.fr\/parlonsen\/wp-json\/wp\/v2\/users\/4"}],"replies":[{"embeddable":true,"href":"https:\/\/www.o-p-i.fr\/parlonsen\/wp-json\/wp\/v2\/comments?post=32673"}],"version-history":[{"count":0,"href":"https:\/\/www.o-p-i.fr\/parlonsen\/wp-json\/wp\/v2\/posts\/32673\/revisions"}],"wp:attachment":[{"href":"https:\/\/www.o-p-i.fr\/parlonsen\/wp-json\/wp\/v2\/media?parent=32673"}],"wp:term":[{"taxonomy":"category","embeddable":true,"href":"https:\/\/www.o-p-i.fr\/parlonsen\/wp-json\/wp\/v2\/categories?post=32673"},{"taxonomy":"post_tag","embeddable":true,"href":"https:\/\/www.o-p-i.fr\/parlonsen\/wp-json\/wp\/v2\/tags?post=32673"}],"curies":[{"name":"wp","href":"https:\/\/api.w.org\/{rel}","templated":true}]}}