{"id":32679,"date":"2017-06-08T23:11:21","date_gmt":"2017-06-08T22:11:21","guid":{"rendered":"\/parlonsen\/?p=32679"},"modified":"2017-06-08T23:11:21","modified_gmt":"2017-06-08T22:11:21","slug":"randonnee-au-lever-du-soleil-a-montgaillard-81","status":"publish","type":"post","link":"https:\/\/www.o-p-i.fr\/parlonsen\/localisation\/au-pays-des-tescous\/montgaillard\/randonnee-au-lever-du-soleil-a-montgaillard-81\/","title":{"rendered":"Randonn\u00e9e au lever du soleil&#8230; \u00e0 Montgaillard (81)"},"content":{"rendered":"<p>Le <strong>mercredi 21 juin 2017<\/strong> \u00e0 5h15, rendez-vous sur le parking de l&rsquo;\u00e9picerie.<!--more--><img data-recalc-dims=\"1\" loading=\"lazy\" decoding=\"async\" class=\"alignright size-full wp-image-32680\" src=\"https:\/\/i0.wp.com\/www.o-p-i.fr\/parlonsen\/wp-content\/uploads\/Rando-soleil.jpg?resize=540%2C720&#038;ssl=1\" alt=\"\" width=\"540\" height=\"720\" srcset=\"https:\/\/i0.wp.com\/www.o-p-i.fr\/parlonsen\/wp-content\/uploads\/Rando-soleil.jpg?w=540&amp;ssl=1 540w, https:\/\/i0.wp.com\/www.o-p-i.fr\/parlonsen\/wp-content\/uploads\/Rando-soleil.jpg?resize=225%2C300&amp;ssl=1 225w, https:\/\/i0.wp.com\/www.o-p-i.fr\/parlonsen\/wp-content\/uploads\/Rando-soleil.jpg?resize=113%2C150&amp;ssl=1 113w, https:\/\/i0.wp.com\/www.o-p-i.fr\/parlonsen\/wp-content\/uploads\/Rando-soleil.jpg?resize=400%2C533&amp;ssl=1 400w\" sizes=\"auto, (max-width: 540px) 100vw, 540px\" \/>C&rsquo;est\u00a0une randonn\u00e9e qui nous offrira le grand luxe de d\u00e9jeuner en observant le premier lev\u00e9 de soleil de l&rsquo;\u00e9t\u00e9 ! Pour cela retrouvons-nous au parking de l&rsquo;\u00e9picerie de Montgaillard, d&rsquo;o\u00f9 nous partirons \u00e0 pied vers la table d&rsquo;orientation. Le retour pourra se faire par la route pour les plus press\u00e9s ou par les chemins.<\/p>\n<p><em>Communiqu\u00e9 par Estelle<\/em><\/p>\n<p><a href=\"https:\/\/www.o-p-i.fr\/parlonsen\/agenda\/\"><strong>Retrouvez tous les \u00e9v\u00e9nements dans l&rsquo;agenda !<\/strong><\/a><\/p>\n","protected":false},"excerpt":{"rendered":"<div class=\"mh-excerpt\">Le mercredi 21 juin 2017 \u00e0 5h15, rendez-vous sur le parking de l&rsquo;\u00e9picerie.<\/div>\n","protected":false},"author":4,"featured_media":0,"comment_status":"open","ping_status":"open","sticky":false,"template":"","format":"standard","meta":{"om_disable_all_campaigns":false,"advanced_seo_description":"","jetpack_seo_html_title":"","jetpack_seo_noindex":false,"_jetpack_memberships_contains_paid_content":false,"footnotes":"","_links_to":"","_links_to_target":""},"categories":[54,31,53,2626],"tags":[2554,332,762,2533],"class_list":{"0":"post-32679","1":"post","2":"type-post","3":"status-publish","4":"format-standard","6":"category-loisirs","7":"category-montgaillard","8":"category-sports","9":"category-n-135-juin-2017","10":"tag-montgaillard","11":"tag-ete","12":"tag-randonnee-pedestre","13":"tag-solstice"},"jetpack_featured_media_url":"","views":{"total":0,"cached_at":"","cached_date":1738519062},"jetpack_likes_enabled":true,"jetpack_sharing_enabled":true,"jetpack_shortlink":"https:\/\/wp.me\/pg7Wxj-8v5","jetpack-related-posts":[],"_links":{"self":[{"href":"https:\/\/www.o-p-i.fr\/parlonsen\/wp-json\/wp\/v2\/posts\/32679","targetHints":{"allow":["GET"]}}],"collection":[{"href":"https:\/\/www.o-p-i.fr\/parlonsen\/wp-json\/wp\/v2\/posts"}],"about":[{"href":"https:\/\/www.o-p-i.fr\/parlonsen\/wp-json\/wp\/v2\/types\/post"}],"author":[{"embeddable":true,"href":"https:\/\/www.o-p-i.fr\/parlonsen\/wp-json\/wp\/v2\/users\/4"}],"replies":[{"embeddable":true,"href":"https:\/\/www.o-p-i.fr\/parlonsen\/wp-json\/wp\/v2\/comments?post=32679"}],"version-history":[{"count":0,"href":"https:\/\/www.o-p-i.fr\/parlonsen\/wp-json\/wp\/v2\/posts\/32679\/revisions"}],"wp:attachment":[{"href":"https:\/\/www.o-p-i.fr\/parlonsen\/wp-json\/wp\/v2\/media?parent=32679"}],"wp:term":[{"taxonomy":"category","embeddable":true,"href":"https:\/\/www.o-p-i.fr\/parlonsen\/wp-json\/wp\/v2\/categories?post=32679"},{"taxonomy":"post_tag","embeddable":true,"href":"https:\/\/www.o-p-i.fr\/parlonsen\/wp-json\/wp\/v2\/tags?post=32679"}],"curies":[{"name":"wp","href":"https:\/\/api.w.org\/{rel}","templated":true}]}}