{"id":32721,"date":"2017-06-13T22:32:19","date_gmt":"2017-06-13T21:32:19","guid":{"rendered":"\/parlonsen\/?p=32721"},"modified":"2017-06-13T22:32:19","modified_gmt":"2017-06-13T21:32:19","slug":"danse-et-musique-africaines-a-lavaur-81","status":"publish","type":"post","link":"https:\/\/www.o-p-i.fr\/parlonsen\/parlons-en\/culture\/danse-et-musique-africaines-a-lavaur-81\/","title":{"rendered":"Danse et musique africaines&#8230; \u00e0 Lavaur (81)"},"content":{"rendered":"<p><strong>Samedi 24 juin 2017<\/strong> \u00e0 21 h,\u00a0\u00e0 la Halle ronde \u00e0 Lavaur.<!--more--><br \/>\n<img data-recalc-dims=\"1\" loading=\"lazy\" decoding=\"async\" class=\"alignright size-full wp-image-32722\" src=\"https:\/\/i0.wp.com\/www.o-p-i.fr\/parlonsen\/wp-content\/uploads\/ebenbao-1.jpg?resize=283%2C283&#038;ssl=1\" alt=\"\" width=\"283\" height=\"283\" srcset=\"https:\/\/i0.wp.com\/www.o-p-i.fr\/parlonsen\/wp-content\/uploads\/ebenbao-1.jpg?w=283&amp;ssl=1 283w, https:\/\/i0.wp.com\/www.o-p-i.fr\/parlonsen\/wp-content\/uploads\/ebenbao-1.jpg?resize=150%2C150&amp;ssl=1 150w\" sizes=\"auto, (max-width: 283px) 100vw, 283px\" \/>Pour la dixi\u00e8me ann\u00e9e, l\u2019association Ebenbao pr\u00e9sente le fruit des cr\u00e9ations de la saison 2016-2017.<br \/>\nAu programme plusieurs chor\u00e9graphies dans\u00e9es, cr\u00e9ations originales des professeurs de danse de l\u2019association, ainsi que plusieurs improvisations musicales et dans\u00e9es.<br \/>\nLes danses sont accompagn\u00e9es en live par les musiciens.<br \/>\nMise en sc\u00e8ne, chor\u00e9graphie\u00a0: Gah\u00e9 BAMA \u2013 Abib SOW \u2013 Marie-Claude ZORDAN<br \/>\nMusique, Ousmane KOUYATE<br \/>\nParticipation de Kalil TOURE, danseur du ballet national de Guin\u00e9e<\/p>\n<p>Aller \u00e0 la rencontre des autres par des valeurs fondamentales de vivre ensemble, de diversit\u00e9, de rapport \u00e0 la vie et au corps \u00e0 travers la danse sont les objectifs propos\u00e9s par l\u2019association EBENBAO pour cette soir\u00e9e exceptionnelle. Plus qu\u2019un spectacle de fin d\u2019ann\u00e9e, c\u2019est la transmission d\u2019une volont\u00e9 de d\u00e9fendre l\u2019art et la cr\u00e9ation contemporaine en r\u00e9ponse aux st\u00e9r\u00e9otypes qui nourrissent les discriminations de notre soci\u00e9t\u00e9.<br \/>\nDirectement puis\u00e9es dans l\u2019immense richesse du patrimoine artistique africain, les chor\u00e9graphies sont des moments de partage qui s\u2019ex\u00e9cutent avec tonicit\u00e9. L\u2019improvisation ouvre le chemin de l\u2019\u00e9panouissement, le d\u00e9veloppement de la confiance en soi, d\u2019oser \u00eatre soi m\u00eame.<br \/>\nPlus que jamais en cette p\u00e9riode trouble, Ebenbao veut contribuer \u00e0 la vision d\u2019un monde o\u00f9 chacun doit \u00eatre \u00e0 \u00e9galit\u00e9 r\u00e9elle de droit et de dignit\u00e9 dans une appartenance commune \u00e0 l\u2019humanit\u00e9.<br \/>\nDanse musique et expressions seront au programme.<br \/>\nUne soir\u00e9e \u00e0 partager.<\/p>\n<p>ENTREE LIBRE<br \/>\nContacts\u00a0: 06 88 80 00 31 ou par mail\u00a0: <a href=\"mailto:ebenbao@gmail.com\">ebenbao@gmail.com<\/a><br \/>\nSite de l\u2019association\u00a0: <a href=\"http:\/\/www.ebenbao.com\" target=\"_blank\" rel=\"noopener noreferrer\">Cliquez pour voir<\/a><\/p>\n<p>&nbsp;<\/p>\n","protected":false},"excerpt":{"rendered":"<div class=\"mh-excerpt\">Samedi 24 juin 2017 \u00e0 21 h,\u00a0\u00e0 la Halle ronde \u00e0 Lavaur.<\/div>\n","protected":false},"author":4,"featured_media":0,"comment_status":"open","ping_status":"open","sticky":false,"template":"","format":"standard","meta":{"om_disable_all_campaigns":false,"advanced_seo_description":"","jetpack_seo_html_title":"","jetpack_seo_noindex":false,"_jetpack_memberships_contains_paid_content":false,"footnotes":"","_links_to":"","_links_to_target":""},"categories":[42,1,54,2626],"tags":[194,239,437,1719,2832],"class_list":{"0":"post-32721","1":"post","2":"type-post","3":"status-publish","4":"format-standard","6":"category-a-cote-de-chez-nous","7":"category-culture","8":"category-loisirs","9":"category-n-135-juin-2017","10":"tag-afrique","11":"tag-lavaur","12":"tag-culture-africaine","13":"tag-danse-contemporaine","14":"tag-ebenbao"},"jetpack_featured_media_url":"","views":{"total":0,"cached_at":"","cached_date":1738519005},"jetpack_likes_enabled":true,"jetpack_sharing_enabled":true,"jetpack_shortlink":"https:\/\/wp.me\/pg7Wxj-8vL","jetpack-related-posts":[],"_links":{"self":[{"href":"https:\/\/www.o-p-i.fr\/parlonsen\/wp-json\/wp\/v2\/posts\/32721","targetHints":{"allow":["GET"]}}],"collection":[{"href":"https:\/\/www.o-p-i.fr\/parlonsen\/wp-json\/wp\/v2\/posts"}],"about":[{"href":"https:\/\/www.o-p-i.fr\/parlonsen\/wp-json\/wp\/v2\/types\/post"}],"author":[{"embeddable":true,"href":"https:\/\/www.o-p-i.fr\/parlonsen\/wp-json\/wp\/v2\/users\/4"}],"replies":[{"embeddable":true,"href":"https:\/\/www.o-p-i.fr\/parlonsen\/wp-json\/wp\/v2\/comments?post=32721"}],"version-history":[{"count":0,"href":"https:\/\/www.o-p-i.fr\/parlonsen\/wp-json\/wp\/v2\/posts\/32721\/revisions"}],"wp:attachment":[{"href":"https:\/\/www.o-p-i.fr\/parlonsen\/wp-json\/wp\/v2\/media?parent=32721"}],"wp:term":[{"taxonomy":"category","embeddable":true,"href":"https:\/\/www.o-p-i.fr\/parlonsen\/wp-json\/wp\/v2\/categories?post=32721"},{"taxonomy":"post_tag","embeddable":true,"href":"https:\/\/www.o-p-i.fr\/parlonsen\/wp-json\/wp\/v2\/tags?post=32721"}],"curies":[{"name":"wp","href":"https:\/\/api.w.org\/{rel}","templated":true}]}}